{"id":4446,"date":"2019-05-21T21:36:24","date_gmt":"2019-05-22T02:36:24","guid":{"rendered":"http:\/\/diariodigitalmx.com\/?p=4446"},"modified":"2019-05-21T21:36:25","modified_gmt":"2019-05-22T02:36:25","slug":"carta-de-calderon-al-presidente-lopez-obrador","status":"publish","type":"post","link":"https:\/\/diariodigitalmx.com\/index.php\/2019\/05\/21\/carta-de-calderon-al-presidente-lopez-obrador\/","title":{"rendered":"Carta de Calder\u00f3n al presidente L\u00f3pez Obrador"},"content":{"rendered":"\n<p>El presidente Andr\u00e9s Manuel L\u00f3pez Obrador dio a conocer la carta que el exmandatario Felipe Calder\u00f3n le mand\u00f3, donde le solicita que no le sea retirada a \u00e9l ni a su familia la seguridad del Estado Mayor Presidencial, dadas las amenazas y riesgos asociados al desempe\u00f1\u00f3 de su cargo como Ejecutivo federal y a su falta de solvencia econ\u00f3mica.<\/p>\n\n\n\n<p>\u201cLe pido de manera atenta y respetuosa, que autorice a quien corresponda el que se restituya a mi familia un nivel m\u00ednimo de protecci\u00f3n, acorde a los riesgos generados por el desempe\u00f1o de tareas sensibles en materia de seguridad en el cumplimiento del cargo como presidente de la Rep\u00fablica\u201d, plante\u00f3 Calder\u00f3n Hinojosa.<\/p>\n\n\n\n\n\n<p>En la misiva, Calder\u00f3n Hinojosa record\u00f3 que, en cumplimiento de su deber de aplicar la ley, que implic\u00f3 recuperar para las familias mexicanas la seguridad vulnerada por la criminalidad, \u201cme toc\u00f3 enfrentar organizaciones delincuenciales, algunas de las cuales hay quien las considera entre las m\u00e1s peligrosas del mundo\u201d.<\/p>\n\n\n\n<p>Como consecuencia de ello, \u201cen diversas ocasiones fui objeto de distintas amenazas, algunas p\u00fablicas, otras directas, y tuve conocimiento a trav\u00e9s de labores de inteligencia del Estado de acciones que se encaminar\u00edan a atentar contra un servidor o contra la vida o la libertad de alg\u00fan miembro de mi familia\u201d, a\u00f1adi\u00f3 el exmandatario.<\/p>\n\n\n\n<p>En la carta fechada el &#8220;11 de enero de 2018&#8221; y en la que culmina con \u201cmis mejores deseos para usted y para su familia en este 2019 que comienza\u201d, Calder\u00f3n Hinojosa destac\u00f3 su respeto a la decisi\u00f3n tomada al inicio de la administraci\u00f3n de L\u00f3pez Obrador de retirar la protecci\u00f3n a los expresidentes.<\/p>\n\n\n\n<p>Sin embargo, dijo que esa decisi\u00f3n \u201cs\u00fabitamente mi familia ha quedado desprotegida y en consecuencia vulnerable a potenciales actos retaliatorios por parte de quienes atentan contra la seguridad de las familias mexicanas y a quienes mi gobierno combati\u00f3, tal y como era mi deber\u201d.<\/p>\n\n\n\n<p>Adem\u00e1s, expres\u00f3 que, para algunos, \u201clos expresidentes debemos contratar por nuestra cuenta la protecci\u00f3n. Es posible que algunos expresidentes est\u00e9n en una situaci\u00f3n de solvencia econ\u00f3mica que no tengan ning\u00fan problema para hacerlo. No es mi caso\u201d.<\/p>\n\n\n\n<p>\u201cContrario a lo que pudiera decirse, nunca rob\u00e9 ni me enriquec\u00ed en el desempe\u00f1o del cargo, y mis ingresos actuales, que son variables a inciertos, no me permiten pagar los servicios de seguridad que, dada la dimensi\u00f3n del riesgo, mi familia y yo requerimos\u201d.<\/p>\n\n\n\n<p>En la misiva en donde desea el mayor de los \u00e9xitos a la gesti\u00f3n del tabasque\u00f1o, Felipe Calder\u00f3n expresa tambi\u00e9n que \u201cindependientemente de nuestras m\u00faltiples diferencias de opini\u00f3n, sepa usted que siempre el inter\u00e9s de M\u00e9xico estar\u00e1 por encima de cualquier otro, y que lo mismo estar\u00e1 siempre a su disposici\u00f3n en lo que estime conveniente\u201d.<\/p>\n\n\n\n<p>\u201cO cuando considere que mi opini\u00f3n, dadas las buenas y malas experiencias vividas en tan delicado cargo, le puedan ser de utilidad, sea directamente o a trav\u00e9s de quien usted designe\u201d.<\/p>\n","protected":false},"excerpt":{"rendered":"<p>El presidente Andr\u00e9s Manuel L\u00f3pez Obrador dio a conocer la carta que el exmandatario Felipe Calder\u00f3n le mand\u00f3, donde le solicita que no le sea retirada a \u00e9l ni a su familia la seguridad del Estado Mayor Presidencial, dadas las amenazas y riesgos asociados al desempe\u00f1\u00f3 de su cargo como Ejecutivo federal y a su [&hellip;]<\/p>\n","protected":false},"author":1,"featured_media":4449,"comment_status":"open","ping_status":"open","sticky":false,"template":"","format":"standard","meta":{"footnotes":""},"categories":[2,5],"tags":[],"_links":{"self":[{"href":"https:\/\/diariodigitalmx.com\/index.php\/wp-json\/wp\/v2\/posts\/4446"}],"collection":[{"href":"https:\/\/diariodigitalmx.com\/index.php\/wp-json\/wp\/v2\/posts"}],"about":[{"href":"https:\/\/diariodigitalmx.com\/index.php\/wp-json\/wp\/v2\/types\/post"}],"author":[{"embeddable":true,"href":"https:\/\/diariodigitalmx.com\/index.php\/wp-json\/wp\/v2\/users\/1"}],"replies":[{"embeddable":true,"href":"https:\/\/diariodigitalmx.com\/index.php\/wp-json\/wp\/v2\/comments?post=4446"}],"version-history":[{"count":2,"href":"https:\/\/diariodigitalmx.com\/index.php\/wp-json\/wp\/v2\/posts\/4446\/revisions"}],"predecessor-version":[{"id":4448,"href":"https:\/\/diariodigitalmx.com\/index.php\/wp-json\/wp\/v2\/posts\/4446\/revisions\/4448"}],"wp:featuredmedia":[{"embeddable":true,"href":"https:\/\/diariodigitalmx.com\/index.php\/wp-json\/wp\/v2\/media\/4449"}],"wp:attachment":[{"href":"https:\/\/diariodigitalmx.com\/index.php\/wp-json\/wp\/v2\/media?parent=4446"}],"wp:term":[{"taxonomy":"category","embeddable":true,"href":"https:\/\/diariodigitalmx.com\/index.php\/wp-json\/wp\/v2\/categories?post=4446"},{"taxonomy":"post_tag","embeddable":true,"href":"https:\/\/diariodigitalmx.com\/index.php\/wp-json\/wp\/v2\/tags?post=4446"}],"curies":[{"name":"wp","href":"https:\/\/api.w.org\/{rel}","templated":true}]}}