{"id":44475,"date":"2020-12-09T15:13:04","date_gmt":"2020-12-09T21:13:04","guid":{"rendered":"http:\/\/diariodigitalmx.com\/?p=44475"},"modified":"2020-12-09T15:14:27","modified_gmt":"2020-12-09T21:14:27","slug":"44475","status":"publish","type":"post","link":"https:\/\/diariodigitalmx.com\/index.php\/2020\/12\/09\/44475\/","title":{"rendered":"C\u00e1rcel a quien abandone a una mujer embarazada en NL"},"content":{"rendered":"\n<p>David Casas <br><\/p>\n\n\n\n<p>Monterrey &#8211; Quien abandone a una mujer embarazada sin causa justificada, siempre que \u00e9sta acredite la paternidad del hijo podr\u00eda hacerse acreedor a una sanci\u00f3n de hasta seis a\u00f1os de c\u00e1rcel.&nbsp;<br><\/p>\n\n\n\n<p>Los diputados locales aprobaron reformas al C\u00f3digo Penal y que aplica tambi\u00e9n proteger el derecho alimentario de menores o personas con discapacidad.&nbsp;<br><\/p>\n\n\n\n<p>La actualizaci\u00f3n al C\u00f3digo Penal era necesaria para establecer una protecci\u00f3n integral a grupos vulnerables que est\u00e1n en desamparo, mencion\u00f3 el diputado Jorge de Le\u00f3n .<br><\/p>\n\n\n\n<p>&#8220;Se reforma el C\u00f3digo Penal para establecer que, al que sin motivo justificado incumple sus obligaciones alimentarias respecto sus hijas e hijos, c\u00f3nyuge o mujer embarazada que acredite legalmente la paternidad, se le impondr\u00e1 pena de prisi\u00f3n de 1 a 6 a\u00f1os y multa de 180 a 360 cuotas, p\u00e9rdida de los derechos de patria potestad, tutela y hereditarios o de alimentos que pudiera tener sobre el acreedor alimentario como reparaci\u00f3n del da\u00f1o de las cantidades no suministradas oportunamente por el imputado&#8221;, indica la reforma aprobada por unanimidad.&nbsp;<br><\/p>\n\n\n\n<p>&#8220;Se busca homologar diversas disposiciones civiles al C\u00f3digo Penal relativas al incumplimiento de obligaciones alimentarias como una firma de inhibir estas conductas principalmente en cu\u00e1nto afectan a mujeres y a menores&#8221;, coment\u00f3 el legislador.<br><\/p>\n\n\n\n<p>Califica De Le\u00f3n, de importante&nbsp;respaldar el derecho alimentario de estos grupos vulnerables cuando se trata del incumplimiento de obligaciones bajo el inter\u00e9s superior del menor al procurar el derecho alimentario desde la concepci\u00f3n a favor de la mujer embarazada.<\/p>\n\n\n\n<p><\/p>\n","protected":false},"excerpt":{"rendered":"<p>David Casas Monterrey &#8211; Quien abandone a una mujer embarazada sin causa justificada, siempre que \u00e9sta acredite la paternidad del hijo podr\u00eda hacerse acreedor a una sanci\u00f3n de hasta seis a\u00f1os de c\u00e1rcel.&nbsp; Los diputados locales aprobaron reformas al C\u00f3digo Penal y que aplica tambi\u00e9n proteger el derecho alimentario de menores o personas con discapacidad.&nbsp; [&hellip;]<\/p>\n","protected":false},"author":1,"featured_media":44479,"comment_status":"open","ping_status":"open","sticky":true,"template":"","format":"standard","meta":{"footnotes":""},"categories":[6,5],"tags":[],"_links":{"self":[{"href":"https:\/\/diariodigitalmx.com\/index.php\/wp-json\/wp\/v2\/posts\/44475"}],"collection":[{"href":"https:\/\/diariodigitalmx.com\/index.php\/wp-json\/wp\/v2\/posts"}],"about":[{"href":"https:\/\/diariodigitalmx.com\/index.php\/wp-json\/wp\/v2\/types\/post"}],"author":[{"embeddable":true,"href":"https:\/\/diariodigitalmx.com\/index.php\/wp-json\/wp\/v2\/users\/1"}],"replies":[{"embeddable":true,"href":"https:\/\/diariodigitalmx.com\/index.php\/wp-json\/wp\/v2\/comments?post=44475"}],"version-history":[{"count":3,"href":"https:\/\/diariodigitalmx.com\/index.php\/wp-json\/wp\/v2\/posts\/44475\/revisions"}],"predecessor-version":[{"id":44480,"href":"https:\/\/diariodigitalmx.com\/index.php\/wp-json\/wp\/v2\/posts\/44475\/revisions\/44480"}],"wp:featuredmedia":[{"embeddable":true,"href":"https:\/\/diariodigitalmx.com\/index.php\/wp-json\/wp\/v2\/media\/44479"}],"wp:attachment":[{"href":"https:\/\/diariodigitalmx.com\/index.php\/wp-json\/wp\/v2\/media?parent=44475"}],"wp:term":[{"taxonomy":"category","embeddable":true,"href":"https:\/\/diariodigitalmx.com\/index.php\/wp-json\/wp\/v2\/categories?post=44475"},{"taxonomy":"post_tag","embeddable":true,"href":"https:\/\/diariodigitalmx.com\/index.php\/wp-json\/wp\/v2\/tags?post=44475"}],"curies":[{"name":"wp","href":"https:\/\/api.w.org\/{rel}","templated":true}]}}