{"id":44481,"date":"2020-12-09T15:34:54","date_gmt":"2020-12-09T21:34:54","guid":{"rendered":"http:\/\/diariodigitalmx.com\/?p=44481"},"modified":"2020-12-15T21:42:50","modified_gmt":"2020-12-16T03:42:50","slug":"44481","status":"publish","type":"post","link":"https:\/\/diariodigitalmx.com\/index.php\/2020\/12\/09\/44481\/","title":{"rendered":"La guadalupana est\u00e1 de vuelta; los cat\u00f3licos la veneran"},"content":{"rendered":"\n<p>Walter Elizondo <\/p>\n\n\n\n<p>Monterrey, N. L Hace diez a\u00f1os el hurac\u00e1n Alex arranc\u00f3 de su base a la Virgen de Guadalupe y la desapareci\u00f3 entre sus fuertes corrientes de agua del R\u00edo Santa Catarina; una d\u00e9cada despu\u00e9s, otro hurac\u00e1n, Hanna, la desenterr\u00f3 en lo que fue calificado por los fieles como un milagro.&nbsp;<br><\/p>\n\n\n\n<p>Hoy se encuentra de nuevo a un lado de la cruz, donde se coloc\u00f3 en mayo de 1990, para la celebraci\u00f3n de una misa del entonces Papa Juan Pablo Segundo en su \u00faltima visita a esta capital.&nbsp;<br><\/p>\n\n\n\n<figure class=\"wp-block-image\"><img loading=\"lazy\" decoding=\"async\" width=\"1024\" height=\"683\" src=\"http:\/\/diariodigitalmx.com\/wp-content\/uploads\/2020\/12\/VIRGEN-15-1024x683.jpg\" alt=\"\" class=\"wp-image-44492\" srcset=\"https:\/\/diariodigitalmx.com\/wp-content\/uploads\/2020\/12\/VIRGEN-15-1024x683.jpg 1024w, https:\/\/diariodigitalmx.com\/wp-content\/uploads\/2020\/12\/VIRGEN-15-300x200.jpg 300w, https:\/\/diariodigitalmx.com\/wp-content\/uploads\/2020\/12\/VIRGEN-15-768x512.jpg 768w\" sizes=\"(max-width: 1024px) 100vw, 1024px\" \/><\/figure>\n\n\n\n<p>El Gobierno de Monterrey apoy\u00f3 la madrugada de este mi\u00e9rcoles a la Arquidi\u00f3cesis de la ciudad, en la reinstalaci\u00f3n de la&nbsp; escultura met\u00e1lica.&nbsp;<br><\/p>\n\n\n\n<p>La imagen de la virgen de 12 metros de altura, fue derribada de su lugar el primero de julio de 2010 por la crecida del r\u00edo tras el paso del hurac\u00e1n \u201cAlex\u201d y resurgi\u00f3 del lecho luego del embate del hurac\u00e1n Hanna el 26 de julio pasado.<br><\/p>\n\n\n\n<figure class=\"wp-block-image\"><img loading=\"lazy\" decoding=\"async\" width=\"1024\" height=\"683\" src=\"http:\/\/diariodigitalmx.com\/wp-content\/uploads\/2020\/12\/VIRGEN-16-1024x683.jpg\" alt=\"\" class=\"wp-image-44487\" srcset=\"https:\/\/diariodigitalmx.com\/wp-content\/uploads\/2020\/12\/VIRGEN-16-1024x683.jpg 1024w, https:\/\/diariodigitalmx.com\/wp-content\/uploads\/2020\/12\/VIRGEN-16-300x200.jpg 300w, https:\/\/diariodigitalmx.com\/wp-content\/uploads\/2020\/12\/VIRGEN-16-768x512.jpg 768w\" sizes=\"(max-width: 1024px) 100vw, 1024px\" \/><\/figure>\n\n\n\n<p>Fue rescatada tras una semana de labores manuales por parte de trabajadores de la secretar\u00eda de Servicios P\u00fablicos de Monterrey; luego fue limpiada y reconstruida en una empresa acerera.<br><\/p>\n\n\n\n<p>A trav\u00e9s de la secretar\u00eda de Seguridad P\u00fablica y Vialidad, se mantuvieron cierres viales aproximadamente durante 10 horas en los carriles expr\u00e9s de la avenida Constituci\u00f3n a la altura de la colonia Obispado y otros que se aplicaron en Constituci\u00f3n y Profesor Ram\u00edrez y en su cruce con Ju\u00e1rez, con Gonzalitos, en el carril de contraflujo de Constituci\u00f3n de San Jer\u00f3nimo a Venustiano Carranza, as\u00ed como en el cruce Morones Prieto y P\u00edo X.<br><\/p>\n\n\n\n<figure class=\"wp-block-image\"><img loading=\"lazy\" decoding=\"async\" width=\"1024\" height=\"683\" src=\"http:\/\/diariodigitalmx.com\/wp-content\/uploads\/2020\/12\/VIRGEN-1-1024x683.jpg\" alt=\"\" class=\"wp-image-44489\" srcset=\"https:\/\/diariodigitalmx.com\/wp-content\/uploads\/2020\/12\/VIRGEN-1-1024x683.jpg 1024w, https:\/\/diariodigitalmx.com\/wp-content\/uploads\/2020\/12\/VIRGEN-1-300x200.jpg 300w, https:\/\/diariodigitalmx.com\/wp-content\/uploads\/2020\/12\/VIRGEN-1-768x512.jpg 768w\" sizes=\"(max-width: 1024px) 100vw, 1024px\" \/><\/figure>\n\n\n\n<p>Aunque las labores de reincorporaci\u00f3n culminaron antes del amanecer, las maniobras para el retiro de las gr\u00faas y materiales utilizados en el \u00e1rea concluy\u00f3 despu\u00e9s de las ocho horas de este d\u00eda.<br><\/p>\n\n\n\n<p>El gobierno de Monterrey tambi\u00e9n colabor\u00f3 para rescatar la imagen de la Virgen que estuvo enterrada en el lecho del r\u00edo durante una d\u00e9cada y el cinco de noviembre, la secretar\u00eda de Obras P\u00fablicas municipal arranc\u00f3 la construcci\u00f3n de un sendero peatonal en el talud Norte del r\u00edo.<br><\/p>\n\n\n\n<p>Tambi\u00e9n se instal\u00f3 un muro de contenci\u00f3n, reja y barandal en ambos lados del camino.&nbsp;<br><\/p>\n\n\n\n<p>El \u00e1rea peatonal era de terracer\u00eda, y se determin\u00f3 hacer la banqueta para darle estabilidad y brindar seguridad a los creyentes que asistan a admirar la escultura.<br><\/p>\n\n\n\n<p>Tras la instalaci\u00f3n, los fieles guadalupanos acudieron a observar, rezar y venerar a la Virgen.&nbsp;<br><\/p>\n\n\n\n<p>Los cat\u00f3licos acudieron a apreciar y venerar la escultura de la Virgen, en virtud de que este a\u00f1o no hay peregrinaciones y se cierra la Bas\u00edlica de Guadalupe por la pandemia.<br><\/p>\n\n\n\n<p>&#8220;Vengo a ver a la Virgen, fue un milagro que haya aparecido luego de diez a\u00f1os, tengo mucha fe y m\u00e1s en esta pandemia de la que saldremos&#8221;, coment\u00f3 Leonarda Trejo que junto a su familia rez\u00f3 a la guadalupana.<br><\/p>\n\n\n\n<p>El arzobispo de Monterrey, Rogelio Cabrera solicit\u00f3 a los cat\u00f3licos venerar a la Virgen desde sus respectivos domicilios y, montar un altar en su honor.&nbsp;<\/p>\n\n\n\n<p><\/p>\n\n\n\n<p><\/p>\n\n\n\n<p><\/p>\n\n\n\n<p><\/p>\n\n\n\n<p><\/p>\n","protected":false},"excerpt":{"rendered":"<p>Walter Elizondo Monterrey, N. L Hace diez a\u00f1os el hurac\u00e1n Alex arranc\u00f3 de su base a la Virgen de Guadalupe y la desapareci\u00f3 entre sus fuertes corrientes de agua del R\u00edo Santa Catarina; una d\u00e9cada despu\u00e9s, otro hurac\u00e1n, Hanna, la desenterr\u00f3 en lo que fue calificado por los fieles como un milagro.&nbsp; Hoy se encuentra [&hellip;]<\/p>\n","protected":false},"author":1,"featured_media":44485,"comment_status":"open","ping_status":"open","sticky":true,"template":"","format":"standard","meta":{"footnotes":""},"categories":[6,5],"tags":[],"_links":{"self":[{"href":"https:\/\/diariodigitalmx.com\/index.php\/wp-json\/wp\/v2\/posts\/44481"}],"collection":[{"href":"https:\/\/diariodigitalmx.com\/index.php\/wp-json\/wp\/v2\/posts"}],"about":[{"href":"https:\/\/diariodigitalmx.com\/index.php\/wp-json\/wp\/v2\/types\/post"}],"author":[{"embeddable":true,"href":"https:\/\/diariodigitalmx.com\/index.php\/wp-json\/wp\/v2\/users\/1"}],"replies":[{"embeddable":true,"href":"https:\/\/diariodigitalmx.com\/index.php\/wp-json\/wp\/v2\/comments?post=44481"}],"version-history":[{"count":5,"href":"https:\/\/diariodigitalmx.com\/index.php\/wp-json\/wp\/v2\/posts\/44481\/revisions"}],"predecessor-version":[{"id":44493,"href":"https:\/\/diariodigitalmx.com\/index.php\/wp-json\/wp\/v2\/posts\/44481\/revisions\/44493"}],"wp:featuredmedia":[{"embeddable":true,"href":"https:\/\/diariodigitalmx.com\/index.php\/wp-json\/wp\/v2\/media\/44485"}],"wp:attachment":[{"href":"https:\/\/diariodigitalmx.com\/index.php\/wp-json\/wp\/v2\/media?parent=44481"}],"wp:term":[{"taxonomy":"category","embeddable":true,"href":"https:\/\/diariodigitalmx.com\/index.php\/wp-json\/wp\/v2\/categories?post=44481"},{"taxonomy":"post_tag","embeddable":true,"href":"https:\/\/diariodigitalmx.com\/index.php\/wp-json\/wp\/v2\/tags?post=44481"}],"curies":[{"name":"wp","href":"https:\/\/api.w.org\/{rel}","templated":true}]}}