{"id":4450,"date":"2019-05-21T21:40:42","date_gmt":"2019-05-22T02:40:42","guid":{"rendered":"http:\/\/diariodigitalmx.com\/?p=4450"},"modified":"2019-05-21T21:40:44","modified_gmt":"2019-05-22T02:40:44","slug":"prohibe-europa-los-plasticos-de-un-solo-uso-en-playas-y-mares","status":"publish","type":"post","link":"https:\/\/diariodigitalmx.com\/index.php\/2019\/05\/21\/prohibe-europa-los-plasticos-de-un-solo-uso-en-playas-y-mares\/","title":{"rendered":"Proh\u00edbe europa los pl\u00e1sticos de un solo uso en playas y mares"},"content":{"rendered":"\n<p>La Comisi\u00f3n Europea adopt\u00f3 hoy una norma que proh\u00edbe para el 2021 productos pl\u00e1sticos de un solo uso en mares o playas, a fin de hacer frente al uso de esos desechos y ubicar al bloque comunitario a la vanguardia de la lucha mundial contra la basura marina.<\/p>\n\n\n\n<p>\u201cLos productos de pl\u00e1stico de un solo uso ser\u00e1n prohibidos en el mercado, como cubiertos, platos y popotes. Para otros productos, el enfoque est\u00e1 en limitar su uso a trav\u00e9s de una reducci\u00f3n\u201d, indic\u00f3.<\/p>\n\n\n\n\n\n<p>El vicepresidente de la Comisi\u00f3n Europea (CE), Frans Timmermans, responsable del desarrollo sostenible, se\u00f1al\u00f3 que &#8220;Hay un creciente sentido de urgencia en la sociedad europea para hacer lo que sea necesario para detener la contaminaci\u00f3n pl\u00e1stica en nuestros oc\u00e9anos\u201d.<\/p>\n\n\n\n<p>\u201cLa Uni\u00f3n Europea est\u00e1 respondiendo a este claro llamado de nuestros ciudadanos. Hemos tomado medidas ambiciosas al introducir medidas concretas para reducir el uso de pl\u00e1sticos de un solo uso\u201d, refiri\u00f3.<\/p>\n\n\n\n<p>\u201cLas nuevas reglas adoptadas hoy nos ayudar\u00e1n a proteger la salud de nuestra gente y salvaguardar nuestro entorno natural, al tiempo que promovemos una producci\u00f3n y consumo m\u00e1s sostenibles. todos estamos orgullosos de que Europa est\u00e1 estableciendo nuevos y ambiciosos est\u00e1ndares, allanando el camino para el resto del mundo&#8221;, precis\u00f3.<\/p>\n\n\n\n<p>La norma establece que estar\u00e1n prohibidos adem\u00e1s los envoltorios, vasos y envases de poliestireno para alimentos, los cuales ya no podr\u00e1n ser\u00e1n utilizados en los pa\u00edses de la&nbsp;Uni\u00f3n Europea&nbsp;a fin de reducir su impacto en el medio ambiente.<\/p>\n\n\n\n<p>De acuerdo con la Uni\u00f3n Europea, esos productos representan cerca del 70 por ciento de los deshechos pl\u00e1sticos que contaminan las aguas y las playas del territorio comunitario.<\/p>\n\n\n\n<p>Por su parte, el tambi\u00e9n vicepresidente de la CE, Jyrki Katainen, responsable de empleos, crecimiento, inversi\u00f3n y competitividad, puntualiz\u00f3 que &#8220;en una econom\u00eda moderna tenemos que reducir la cantidad de basura pl\u00e1stica y asegurarnos de reciclar la mayor\u00eda de los pl\u00e1sticos utilizados\u201d.<\/p>\n\n\n\n<p>\u201cLas formas de producci\u00f3n m\u00e1s innovadoras y sostenibles traer\u00e1 nuevas oportunidades para las empresas europeas, aumentando su competitividad, crecimiento y creaci\u00f3n de empleo. Una vez implementadas, las nuevas reglas no solo abordar\u00e1n la contaminaci\u00f3n pl\u00e1stica, sino que tambi\u00e9n har\u00e1n de la Uni\u00f3n Europea el l\u00edder mundial en una pol\u00edtica pl\u00e1stica m\u00e1s sostenible, impulsando as\u00ed nuestra econom\u00eda&#8221;, a\u00f1adi\u00f3.<\/p>\n\n\n\n<p>El Comisionado de Medio Ambiente, Asuntos Mar\u00edtimos y Pesca, Karmenu Vella, destac\u00f3 que &#8220;los popotes o tenedores de pl\u00e1stico son peque\u00f1os objetos, pero pueden causar da\u00f1os grandes y duraderos\u201d.<\/p>\n\n\n\n<p>\u201cLa legislaci\u00f3n de pl\u00e1sticos de un solo uso se ocupar\u00e1 del 70 por ciento de los desechos marinos, evitando da\u00f1os ambientales que de lo contrario, costar\u00eda 22 mil millones de euros para 2030\u201d, dijo.<\/p>\n\n\n\n<p>\u201cLa UE se entreg\u00f3 r\u00e1pida y eficazmente a una propuesta que la Comisi\u00f3n present\u00f3 hace apenas un a\u00f1o. En general, es la legislaci\u00f3n europea en su m\u00e1xima expresi\u00f3n responde a la demanda popular, beneficia al planeta y a sus habitantes, y genuinamente liderando el mundo&#8221;, destac\u00f3.<\/p>\n","protected":false},"excerpt":{"rendered":"<p>La Comisi\u00f3n Europea adopt\u00f3 hoy una norma que proh\u00edbe para el 2021 productos pl\u00e1sticos de un solo uso en mares o playas, a fin de hacer frente al uso de esos desechos y ubicar al bloque comunitario a la vanguardia de la lucha mundial contra la basura marina. \u201cLos productos de pl\u00e1stico de un solo [&hellip;]<\/p>\n","protected":false},"author":1,"featured_media":4453,"comment_status":"open","ping_status":"open","sticky":false,"template":"","format":"standard","meta":{"footnotes":""},"categories":[4,5],"tags":[],"_links":{"self":[{"href":"https:\/\/diariodigitalmx.com\/index.php\/wp-json\/wp\/v2\/posts\/4450"}],"collection":[{"href":"https:\/\/diariodigitalmx.com\/index.php\/wp-json\/wp\/v2\/posts"}],"about":[{"href":"https:\/\/diariodigitalmx.com\/index.php\/wp-json\/wp\/v2\/types\/post"}],"author":[{"embeddable":true,"href":"https:\/\/diariodigitalmx.com\/index.php\/wp-json\/wp\/v2\/users\/1"}],"replies":[{"embeddable":true,"href":"https:\/\/diariodigitalmx.com\/index.php\/wp-json\/wp\/v2\/comments?post=4450"}],"version-history":[{"count":2,"href":"https:\/\/diariodigitalmx.com\/index.php\/wp-json\/wp\/v2\/posts\/4450\/revisions"}],"predecessor-version":[{"id":4452,"href":"https:\/\/diariodigitalmx.com\/index.php\/wp-json\/wp\/v2\/posts\/4450\/revisions\/4452"}],"wp:featuredmedia":[{"embeddable":true,"href":"https:\/\/diariodigitalmx.com\/index.php\/wp-json\/wp\/v2\/media\/4453"}],"wp:attachment":[{"href":"https:\/\/diariodigitalmx.com\/index.php\/wp-json\/wp\/v2\/media?parent=4450"}],"wp:term":[{"taxonomy":"category","embeddable":true,"href":"https:\/\/diariodigitalmx.com\/index.php\/wp-json\/wp\/v2\/categories?post=4450"},{"taxonomy":"post_tag","embeddable":true,"href":"https:\/\/diariodigitalmx.com\/index.php\/wp-json\/wp\/v2\/tags?post=4450"}],"curies":[{"name":"wp","href":"https:\/\/api.w.org\/{rel}","templated":true}]}}