{"id":4472,"date":"2019-05-22T08:28:03","date_gmt":"2019-05-22T13:28:03","guid":{"rendered":"http:\/\/diariodigitalmx.com\/?p=4472"},"modified":"2019-05-22T08:37:19","modified_gmt":"2019-05-22T13:37:19","slug":"es-zoe-robledo-nuevo-titular-del-imss","status":"publish","type":"post","link":"https:\/\/diariodigitalmx.com\/index.php\/2019\/05\/22\/es-zoe-robledo-nuevo-titular-del-imss\/","title":{"rendered":"Es Zo\u00e9 Robledo, nuevo titular del IMSS"},"content":{"rendered":"\n<p>Andr\u00e9s Manuel L\u00f3pez Obrador anunci\u00f3 que Zo\u00e9 Robledo ser\u00e1 el nuevo director del IMSS, sustituye a Germ\u00e1n Mart\u00ednez que present\u00f3 su renuncia ayer, luego de denunciar que \u201calgunos funcionarios de la Secretar\u00eda de Hacienda tienen una injerencia perniciosa en el IMSS y ponen en riesgo la vocaci\u00f3n igualitaria, de justicia y, concretamente, de prestaci\u00f3n de servicios de salud que tiene el Seguro Social\u201d.<\/p>\n\n\n\n<figure class=\"wp-block-image\"><img decoding=\"async\" src=\"http:\/\/www.cronica.com.mx\/nimagenes\/1\/2019-05-22_07-05-55___443.jpg\" alt=\"Zo\u00e9 Robledo, nuevo director del IMSS | La Cr\u00f3nica de Hoy\"\/><\/figure>\n\n\n\n<p>Pese a lamentar la renuncia de Germ\u00e1n Mart\u00ednez C\u00e1zares como director general del Instituto Mexicano del Seguro Social (IMSS), el presidente de la Rep\u00fablica, Andr\u00e9s Manuel L\u00f3pez Obrador, inform\u00f3 que el nuevo titular de ese instituto ser\u00e1 Zo\u00e9 Robledo Aburto, quien hasta hoy se desempe\u00f1a como subsecretario de la Secretar\u00eda de Gobernaci\u00f3n (Segob).<\/p>\n\n\n\n<p>Afirm\u00f3 que la renuncia no le asusta ni le da temor, porque \u00e9l quiere tener en el gabinete a hombres y mujeres libres en lugar de a personas sometidas.<\/p>\n\n\n\n\n\n<p>Indic\u00f3 que &#8220;ya est\u00e1 el sustituto para el IMSS&#8221;, Robledo Aburto, quien es un polit\u00f3logo con mucha experiencia que ha sido diputado, senador y subsecretario de Gobernaci\u00f3n, adem\u00e1s de un hombre progresista y honesto.<\/p>\n\n\n\n<p>L\u00f3pez Obrador adelant\u00f3 tambi\u00e9n que ma\u00f1ana jueves dar\u00e1 a conocer qui\u00e9n sustituir\u00e1 a su vez a Zo\u00e9 Robledo, quien hasta ahora se ven\u00eda desempe\u00f1ando como subsecretario de Gobernaci\u00f3n.<\/p>\n\n\n\n<p>Adem\u00e1s, el Ejecutivo federal precis\u00f3 que hasta ahora no ha podido dialogar con Carlos Manuel Urz\u00faa Mac\u00edas, secretario de Hacienda y Cr\u00e9dito P\u00fablico (SHCP), para analizar los se\u00f1alamientos que Mart\u00ednez C\u00e1zares hizo en su carta de renuncia sobre la actuaci\u00f3n de esa secretar\u00eda, postura que respeta, dijo, pero que no comparte con el exdirector del IMSS, con quien no se pelear\u00e1.<\/p>\n","protected":false},"excerpt":{"rendered":"<p>Andr\u00e9s Manuel L\u00f3pez Obrador anunci\u00f3 que Zo\u00e9 Robledo ser\u00e1 el nuevo director del IMSS, sustituye a Germ\u00e1n Mart\u00ednez que present\u00f3 su renuncia ayer, luego de denunciar que \u201calgunos funcionarios de la Secretar\u00eda de Hacienda tienen una injerencia perniciosa en el IMSS y ponen en riesgo la vocaci\u00f3n igualitaria, de justicia y, concretamente, de prestaci\u00f3n de [&hellip;]<\/p>\n","protected":false},"author":1,"featured_media":0,"comment_status":"open","ping_status":"open","sticky":false,"template":"","format":"standard","meta":{"footnotes":""},"categories":[2,5],"tags":[],"_links":{"self":[{"href":"https:\/\/diariodigitalmx.com\/index.php\/wp-json\/wp\/v2\/posts\/4472"}],"collection":[{"href":"https:\/\/diariodigitalmx.com\/index.php\/wp-json\/wp\/v2\/posts"}],"about":[{"href":"https:\/\/diariodigitalmx.com\/index.php\/wp-json\/wp\/v2\/types\/post"}],"author":[{"embeddable":true,"href":"https:\/\/diariodigitalmx.com\/index.php\/wp-json\/wp\/v2\/users\/1"}],"replies":[{"embeddable":true,"href":"https:\/\/diariodigitalmx.com\/index.php\/wp-json\/wp\/v2\/comments?post=4472"}],"version-history":[{"count":4,"href":"https:\/\/diariodigitalmx.com\/index.php\/wp-json\/wp\/v2\/posts\/4472\/revisions"}],"predecessor-version":[{"id":4476,"href":"https:\/\/diariodigitalmx.com\/index.php\/wp-json\/wp\/v2\/posts\/4472\/revisions\/4476"}],"wp:attachment":[{"href":"https:\/\/diariodigitalmx.com\/index.php\/wp-json\/wp\/v2\/media?parent=4472"}],"wp:term":[{"taxonomy":"category","embeddable":true,"href":"https:\/\/diariodigitalmx.com\/index.php\/wp-json\/wp\/v2\/categories?post=4472"},{"taxonomy":"post_tag","embeddable":true,"href":"https:\/\/diariodigitalmx.com\/index.php\/wp-json\/wp\/v2\/tags?post=4472"}],"curies":[{"name":"wp","href":"https:\/\/api.w.org\/{rel}","templated":true}]}}