{"id":4639,"date":"2019-05-24T10:16:15","date_gmt":"2019-05-24T15:16:15","guid":{"rendered":"http:\/\/diariodigitalmx.com\/?p=4639"},"modified":"2019-06-03T13:15:16","modified_gmt":"2019-06-03T18:15:16","slug":"el-proximo-30-de-junio-arranca-operaciones-guardia-nacional","status":"publish","type":"post","link":"https:\/\/diariodigitalmx.com\/index.php\/2019\/05\/24\/el-proximo-30-de-junio-arranca-operaciones-guardia-nacional\/","title":{"rendered":"El pr\u00f3ximo 30 de junio arranca operaciones Guardia Nacional"},"content":{"rendered":"\n<p>El presidente Andr\u00e9s Manuel L\u00f3pez Obrador inform\u00f3 que el 30 de junio pr\u00f3ximo entrar\u00e1 en operaci\u00f3n formal en todo el pa\u00eds la Guardia Nacional, cuyas leyes secundarias fueron aprobadas la v\u00edspera de manera un\u00e1nime \u201cen un hecho hist\u00f3rico\u201d por el Congreso de la Uni\u00f3n.<\/p>\n\n\n\n<p>Tras agradecer a los legisladores de todos los partidos el apoyo para lograr estas normas, asegur\u00f3 que es \u201cuna buena noticia\u201d porque se va a ayudar a que se enfrente el problema de la inseguridad y de la violencia, protegiendo a los ciudadanos, con elementos que ya est\u00e1n en capacitaci\u00f3n y formaci\u00f3n.<\/p>\n\n\n\n\n\n<p>En su conferencia de prensa matutina en Palacio Nacional, detall\u00f3 que la ley secundaria de la Guardia Nacional fue aprobada en lo general con 429 votos a favor, uno en contra y cero abstenciones, un &#8220;hecho hist\u00f3rico&#8221; como reforma constitucional.<\/p>\n","protected":false},"excerpt":{"rendered":"<p>El presidente Andr\u00e9s Manuel L\u00f3pez Obrador inform\u00f3 que el 30 de junio pr\u00f3ximo entrar\u00e1 en operaci\u00f3n formal en todo el pa\u00eds la Guardia Nacional, cuyas leyes secundarias fueron aprobadas la v\u00edspera de manera un\u00e1nime \u201cen un hecho hist\u00f3rico\u201d por el Congreso de la Uni\u00f3n. Tras agradecer a los legisladores de todos los partidos el apoyo [&hellip;]<\/p>\n","protected":false},"author":1,"featured_media":4642,"comment_status":"open","ping_status":"open","sticky":true,"template":"","format":"standard","meta":{"footnotes":""},"categories":[2,5],"tags":[],"_links":{"self":[{"href":"https:\/\/diariodigitalmx.com\/index.php\/wp-json\/wp\/v2\/posts\/4639"}],"collection":[{"href":"https:\/\/diariodigitalmx.com\/index.php\/wp-json\/wp\/v2\/posts"}],"about":[{"href":"https:\/\/diariodigitalmx.com\/index.php\/wp-json\/wp\/v2\/types\/post"}],"author":[{"embeddable":true,"href":"https:\/\/diariodigitalmx.com\/index.php\/wp-json\/wp\/v2\/users\/1"}],"replies":[{"embeddable":true,"href":"https:\/\/diariodigitalmx.com\/index.php\/wp-json\/wp\/v2\/comments?post=4639"}],"version-history":[{"count":2,"href":"https:\/\/diariodigitalmx.com\/index.php\/wp-json\/wp\/v2\/posts\/4639\/revisions"}],"predecessor-version":[{"id":4641,"href":"https:\/\/diariodigitalmx.com\/index.php\/wp-json\/wp\/v2\/posts\/4639\/revisions\/4641"}],"wp:featuredmedia":[{"embeddable":true,"href":"https:\/\/diariodigitalmx.com\/index.php\/wp-json\/wp\/v2\/media\/4642"}],"wp:attachment":[{"href":"https:\/\/diariodigitalmx.com\/index.php\/wp-json\/wp\/v2\/media?parent=4639"}],"wp:term":[{"taxonomy":"category","embeddable":true,"href":"https:\/\/diariodigitalmx.com\/index.php\/wp-json\/wp\/v2\/categories?post=4639"},{"taxonomy":"post_tag","embeddable":true,"href":"https:\/\/diariodigitalmx.com\/index.php\/wp-json\/wp\/v2\/tags?post=4639"}],"curies":[{"name":"wp","href":"https:\/\/api.w.org\/{rel}","templated":true}]}}