{"id":4643,"date":"2019-05-24T10:25:02","date_gmt":"2019-05-24T15:25:02","guid":{"rendered":"http:\/\/diariodigitalmx.com\/?p=4643"},"modified":"2019-06-03T13:15:31","modified_gmt":"2019-06-03T18:15:31","slug":"aldo-lero-lero","status":"publish","type":"post","link":"https:\/\/diariodigitalmx.com\/index.php\/2019\/05\/24\/aldo-lero-lero\/","title":{"rendered":"Aldo&#8230;Lero&#8230;lero, lero, lero"},"content":{"rendered":"\n<p>Por Salvador Hern\u00e1ndez LANDEROS<br> Conste, no es mofa ni pitorreo contra el Secretario de Seguridad P\u00fablica, Aldo <br> Fasci, sino a la falta de tacto y oficio de su jefe al exhibirlo como un rega\u00f1ado.<br> Claro que en cualquier trabajo o funci\u00f3n hay rega\u00f1adas cuando un funcionario <br> o empleado se equivoca, pero el hacerlas p\u00fablicas, m\u00e1s bien suenan a exhibidas.<br> El ego de Aldo est\u00e1 lastimado, herido. No faltar\u00e1 quien le recuerde la forma en <br> que \u00e9l exhibi\u00f3 a Gilberto Marcos, al rega\u00f1arlo y decirle que era un \u201cpeli-te\u00f1ido\u201d<br> A lo mejor, otros han de pensar que el Bronco-Gobernador, con eso se cobr\u00f3 el <br> que Aldo lo amenazara con renunciar si no le entregaba el total control de SSP.<br> Hemos dicho que Aldo tampoco es un comunicador. Su lenguaje es limitado. <br> Sabe tocar el piano, pero ello no lo hace culto ni le da leguaje fino, de linaje.<br> No dudamos que en otras funciones le hayan dado a Aldo sus rega\u00f1adas, pero <br> ni Rogelio Cerda P\u00e9rez ni Jos\u00e9 Natividad Gonz\u00e1lez Par\u00e1s las hicieron p\u00fablicas.<br> El que Fasci se expresara como lo hizo, no es nuevo. As\u00ed es \u00e9l. Ha hecho otras <br> declaraciones m\u00e1s torpes, pero a lo mejor su jefe no andaba de buen humor.<br> Eso tiene que valorarlo el Secretario de Seguridad P\u00fablica. Hay diferencia entre <br> sus anteriores jefes y el actual. Dicen que \u201cLa calidad de la melcocha es mucha\u201d.<br> \u201cSe equivoc\u00f3 Aldo Fasci y le di una rega\u00f1ada\u201d, dijo en forma esquiva el <br> Gobernador, Jaime Rodr\u00edguez Calder\u00f3n, a los reporteros.<br> Ojal\u00e1 qu\u00e9 por la exhibida, que ante los medios de comunicaci\u00f3n le dio \u201cEl <br> Bronco\u201d a su Secretario de Seguridad, \u00e9ste no le vaya a revirar con su renuncia.<br> Imag\u00ednense que Aldo, como es \u00e9l, salga y diga. \u201cS\u00ed, yo me equivoqu\u00e9. Me voy\u201d. <br> chavalolanderos@yahoo.com.mx<\/p>\n","protected":false},"excerpt":{"rendered":"<p>Por Salvador Hern\u00e1ndez LANDEROS Conste, no es mofa ni pitorreo contra el Secretario de Seguridad P\u00fablica, Aldo Fasci, sino a la falta de tacto y oficio de su jefe al exhibirlo como un rega\u00f1ado. Claro que en cualquier trabajo o funci\u00f3n hay rega\u00f1adas cuando un funcionario o empleado se equivoca, pero el hacerlas p\u00fablicas, m\u00e1s [&hellip;]<\/p>\n","protected":false},"author":1,"featured_media":3977,"comment_status":"open","ping_status":"open","sticky":true,"template":"","format":"standard","meta":{"footnotes":""},"categories":[12],"tags":[],"_links":{"self":[{"href":"https:\/\/diariodigitalmx.com\/index.php\/wp-json\/wp\/v2\/posts\/4643"}],"collection":[{"href":"https:\/\/diariodigitalmx.com\/index.php\/wp-json\/wp\/v2\/posts"}],"about":[{"href":"https:\/\/diariodigitalmx.com\/index.php\/wp-json\/wp\/v2\/types\/post"}],"author":[{"embeddable":true,"href":"https:\/\/diariodigitalmx.com\/index.php\/wp-json\/wp\/v2\/users\/1"}],"replies":[{"embeddable":true,"href":"https:\/\/diariodigitalmx.com\/index.php\/wp-json\/wp\/v2\/comments?post=4643"}],"version-history":[{"count":2,"href":"https:\/\/diariodigitalmx.com\/index.php\/wp-json\/wp\/v2\/posts\/4643\/revisions"}],"predecessor-version":[{"id":4645,"href":"https:\/\/diariodigitalmx.com\/index.php\/wp-json\/wp\/v2\/posts\/4643\/revisions\/4645"}],"wp:featuredmedia":[{"embeddable":true,"href":"https:\/\/diariodigitalmx.com\/index.php\/wp-json\/wp\/v2\/media\/3977"}],"wp:attachment":[{"href":"https:\/\/diariodigitalmx.com\/index.php\/wp-json\/wp\/v2\/media?parent=4643"}],"wp:term":[{"taxonomy":"category","embeddable":true,"href":"https:\/\/diariodigitalmx.com\/index.php\/wp-json\/wp\/v2\/categories?post=4643"},{"taxonomy":"post_tag","embeddable":true,"href":"https:\/\/diariodigitalmx.com\/index.php\/wp-json\/wp\/v2\/tags?post=4643"}],"curies":[{"name":"wp","href":"https:\/\/api.w.org\/{rel}","templated":true}]}}