{"id":4727,"date":"2019-05-25T19:29:48","date_gmt":"2019-05-26T00:29:48","guid":{"rendered":"http:\/\/diariodigitalmx.com\/?p=4727"},"modified":"2019-06-03T13:17:47","modified_gmt":"2019-06-03T18:17:47","slug":"en-la-defensa-de-picachos-la-vida-y-la-salud-no-se-negocia-jorge-de-leon","status":"publish","type":"post","link":"https:\/\/diariodigitalmx.com\/index.php\/2019\/05\/25\/en-la-defensa-de-picachos-la-vida-y-la-salud-no-se-negocia-jorge-de-leon\/","title":{"rendered":"En la defensa de Picachos, la vida y la salud no se negocia: Jorge de Le\u00f3n"},"content":{"rendered":"\n<p>David Casas<br><\/p>\n\n\n\n<p>Monterrey, N. L- La salud de los neoloneses y la calidad del medio ambiente no est\u00e1n en juego, por lo que la defensa de la sierra de Picachos y la lucha en contra de la instalaci\u00f3n de una contaminante pedrera se refuerza por las organizaciones civiles ecologistas y legisladores, reiter\u00f3 el diputado Jorge de Le\u00f3n.<br><\/p>\n\n\n\n<p>La declaratoria y ampliaci\u00f3n del \u00e1rea natural protegida de la Sierra de Picachos es inminente y con ello se garantiza la flora, la fauna y recursos naturales de esa extensa regi\u00f3n del noroeste de la entidad, adelant\u00f3 el legislador priista.<br><\/p>\n\n\n\n<p>Jorge de Le\u00f3n recuerda que los habitantes del municipio de Doctor Gonz\u00e1lez, &nbsp;est\u00e1n en la mejor disposici\u00f3n de colaborar en las delimitaciones geogr\u00e1ficas, y adem\u00e1s, la Alcaldesa pri\u00edsta Mayra Abrego ha externado su apoyo incondicional en ese proceso; sin embargo, es de vital apoyo contar tambi\u00e9n con la colaboraci\u00f3n de la Secretar\u00eda de Desarrollo Sustentable.<br><\/p>\n\n\n\n<p>Pr\u00e1cticamente es un hecho la ampliaci\u00f3n de 75 mil a unos 150 mil kil\u00f3metros cuadrados la zona protegida para evitar que se asienten empresas .<br><\/p>\n\n\n\n<p>De Le\u00f3n ha solicitado desde hace tiempo se brinde apoyo a la comunidad \u2018Benavides Grande\u2019, del municipio de Doctor Gonz\u00e1lez, para reforzar la protecci\u00f3n del \u00e1rea natural de la Sierra de Picachos.<br><\/p>\n\n\n\n<ul class=\"wp-block-gallery columns-1 is-cropped wp-block-gallery-1 is-layout-flex wp-block-gallery-is-layout-flex\"><li class=\"blocks-gallery-item\"><figure><img loading=\"lazy\" decoding=\"async\" width=\"1024\" height=\"768\" src=\"http:\/\/diariodigitalmx.com\/wp-content\/uploads\/2019\/05\/IMAG0134-1-1024x768.jpg\" alt=\"\" data-id=\"4731\" data-link=\"http:\/\/diariodigitalmx.com\/?attachment_id=4731\" class=\"wp-image-4731\" srcset=\"https:\/\/diariodigitalmx.com\/wp-content\/uploads\/2019\/05\/IMAG0134-1-1024x768.jpg 1024w, https:\/\/diariodigitalmx.com\/wp-content\/uploads\/2019\/05\/IMAG0134-1-300x225.jpg 300w, https:\/\/diariodigitalmx.com\/wp-content\/uploads\/2019\/05\/IMAG0134-1-768x576.jpg 768w\" sizes=\"(max-width: 1024px) 100vw, 1024px\" \/><\/figure><\/li><\/ul>\n\n\n\n<p>\u201cSe busca la preservaci\u00f3n y conservaci\u00f3n de la diversidad y movilidad de las especies de la regi\u00f3n y evitar a toda costa la operaci\u00f3n de pedreras en la regi\u00f3n\u201d, sostiene el diputado.<br><\/p>\n\n\n\n<p>\u201c La declaratoria y ampliaci\u00f3n del \u00e1rea natural protegida de la Sierra de Picachos es inminente y con ello se garantiza la flora, la fauna y recursos naturales de esa extensa regi\u00f3n del noroeste de la entidad, adelant\u00f3 el legislador priista.<br><\/p>\n\n\n\n<p>El legislador est\u00e1 tambi\u00e9n en contacto permanente con los habitantes de Doctor Gonz\u00e1lez y de municipios aleda\u00f1os adem\u00e1s de mantener el di\u00e1logo con las organizaciones ecologistas defensoras de Picachos que sin duda alguna, ganan la batalla por la salud y la vida<\/p>\n\n\n\n<ul class=\"wp-block-gallery columns-1 is-cropped wp-block-gallery-2 is-layout-flex wp-block-gallery-is-layout-flex\"><li class=\"blocks-gallery-item\"><figure><img loading=\"lazy\" decoding=\"async\" width=\"1024\" height=\"768\" src=\"http:\/\/diariodigitalmx.com\/wp-content\/uploads\/2019\/05\/IMAG0132-1-1024x768.jpg\" alt=\"\" data-id=\"4733\" data-link=\"http:\/\/diariodigitalmx.com\/?attachment_id=4733\" class=\"wp-image-4733\" srcset=\"https:\/\/diariodigitalmx.com\/wp-content\/uploads\/2019\/05\/IMAG0132-1-1024x768.jpg 1024w, https:\/\/diariodigitalmx.com\/wp-content\/uploads\/2019\/05\/IMAG0132-1-300x225.jpg 300w, https:\/\/diariodigitalmx.com\/wp-content\/uploads\/2019\/05\/IMAG0132-1-768x576.jpg 768w\" sizes=\"(max-width: 1024px) 100vw, 1024px\" \/><\/figure><\/li><\/ul>\n","protected":false},"excerpt":{"rendered":"<p>David Casas Monterrey, N. L- La salud de los neoloneses y la calidad del medio ambiente no est\u00e1n en juego, por lo que la defensa de la sierra de Picachos y la lucha en contra de la instalaci\u00f3n de una contaminante pedrera se refuerza por las organizaciones civiles ecologistas y legisladores, reiter\u00f3 el diputado Jorge [&hellip;]<\/p>\n","protected":false},"author":1,"featured_media":4729,"comment_status":"open","ping_status":"open","sticky":true,"template":"","format":"standard","meta":{"footnotes":""},"categories":[6,3],"tags":[],"_links":{"self":[{"href":"https:\/\/diariodigitalmx.com\/index.php\/wp-json\/wp\/v2\/posts\/4727"}],"collection":[{"href":"https:\/\/diariodigitalmx.com\/index.php\/wp-json\/wp\/v2\/posts"}],"about":[{"href":"https:\/\/diariodigitalmx.com\/index.php\/wp-json\/wp\/v2\/types\/post"}],"author":[{"embeddable":true,"href":"https:\/\/diariodigitalmx.com\/index.php\/wp-json\/wp\/v2\/users\/1"}],"replies":[{"embeddable":true,"href":"https:\/\/diariodigitalmx.com\/index.php\/wp-json\/wp\/v2\/comments?post=4727"}],"version-history":[{"count":4,"href":"https:\/\/diariodigitalmx.com\/index.php\/wp-json\/wp\/v2\/posts\/4727\/revisions"}],"predecessor-version":[{"id":4734,"href":"https:\/\/diariodigitalmx.com\/index.php\/wp-json\/wp\/v2\/posts\/4727\/revisions\/4734"}],"wp:featuredmedia":[{"embeddable":true,"href":"https:\/\/diariodigitalmx.com\/index.php\/wp-json\/wp\/v2\/media\/4729"}],"wp:attachment":[{"href":"https:\/\/diariodigitalmx.com\/index.php\/wp-json\/wp\/v2\/media?parent=4727"}],"wp:term":[{"taxonomy":"category","embeddable":true,"href":"https:\/\/diariodigitalmx.com\/index.php\/wp-json\/wp\/v2\/categories?post=4727"},{"taxonomy":"post_tag","embeddable":true,"href":"https:\/\/diariodigitalmx.com\/index.php\/wp-json\/wp\/v2\/tags?post=4727"}],"curies":[{"name":"wp","href":"https:\/\/api.w.org\/{rel}","templated":true}]}}