{"id":4760,"date":"2019-05-26T19:31:07","date_gmt":"2019-05-27T00:31:07","guid":{"rendered":"http:\/\/diariodigitalmx.com\/?p=4760"},"modified":"2019-06-03T13:18:41","modified_gmt":"2019-06-03T18:18:41","slug":"benjamin-wong-el-periodista-formador-de-periodistas-se-distinguio-por-su-gran-talente","status":"publish","type":"post","link":"https:\/\/diariodigitalmx.com\/index.php\/2019\/05\/26\/benjamin-wong-el-periodista-formador-de-periodistas-se-distinguio-por-su-gran-talente\/","title":{"rendered":"Benjam\u00edn Wong, el periodista formador de periodistas; se distingui\u00f3 por su gran talente"},"content":{"rendered":"\n<p>*Muere a los 84 a\u00f1os y era asesor de la direcci\u00f3n del diario La Jornada<\/p>\n\n\n\n<p>El periodista Benjam\u00edn Wong Casta\u00f1eda, comunic\u00f3logo de origen potosino con una larga y reconocida trayectoria profesional, muri\u00f3 este viernes a los 84 a\u00f1os.<\/p>\n\n\n\n<p>Benjam\u00edn Wong se desempe\u00f1\u00f3 en diversos peri\u00f3dicos de la capital del pa\u00eds, trabaj\u00f3 en el Sol de M\u00e9xico durante la \u00e9poca en la que el coronel Garc\u00eda Velasco fue director de la OEM; tambi\u00e9n labor\u00f3 en El Universal, Novedades y otros rotativos; fund\u00f3 el semanario Punto, \u201cUn peri\u00f3dico de periodistas\u201d; fue corresponsal de guerra en Vietnam, adem\u00e1s de haber formado a varias generaciones de periodistas que lo recuerdan con gratitud y afecto.<\/p>\n\n\n\n\n\n<p>El equilibrio y calidad que alcanzaron los \u201csoles\u201d en aquella primavera editorial termin\u00f3 cuando Wong fue despedido en mayo de 1977. Veintis\u00e9is colaboradores renunciamos con un manifiesto que escribi\u00f3 Luis Gonz\u00e1lez de Alba titulado, claro, \u201cEl Sol no brilla para todos\u201d.<\/p>\n\n\n\n<p>Ra\u00fal Trejo Delarbre escribi\u00f3 en su cuenta de Twitter algunos recuerdos de Benjam\u00edn Wong: \u201cFue un periodista profesional en todos los sentidos. El talante siempre respetuoso que lo distingu\u00eda en el trato personal se expresaba tambi\u00e9n en el cuidado que invert\u00eda en sus notas o en las que se publicaban bajo su direcci\u00f3n\u201d.<\/p>\n\n\n\n<p>El periodista potosino form\u00f3 parte del \u201cAteneo de Angangueo\u201d junto con varios comunicadores e intelectuales como Manuel Buend\u00eda, Francisco Mart\u00ednez de la Vega, tambi\u00e9n potosino y exgobernador del estado; Fernando Ben\u00edtez, Carlos Monsiv\u00e1is, Iv\u00e1n Restrepo, Margo Su, Miguel \u00c1ngel Granados Chapa y H\u00e9ctor Aguilar Cam\u00edn.<\/p>\n\n\n\n<p>Benjam\u00edn Wong fue velado en la agencia Garc\u00eda L\u00f3pez de la colonia Ju\u00e1rez, de la Ciudad de M\u00e9xico y la primera guardia la encabez\u00f3 su esposa Rosalba y la directora de La Jornada, Carmen Lira, de la que era asesor; tambi\u00e9n le rendieron homenaje Heriberto Galindo y Fred. L \u00c1lvarez. Descanse en paz.<\/p>\n\n\n\n<p>Wong comenz\u00f3 a trabajar muy joven en la Cadena Garc\u00eda Valseca, de la que llegar\u00eda a ser director en la primera mitad de los a\u00f1os 70, cuando ya se llamaba Organizaci\u00f3n Editorial Mexicana.<\/p>\n\n\n\n<p>En 1985, Wong fue subdirector general de El Universal. Cuando desde la Presidencia de la Rep\u00fablica llamaban para que alguna informaci\u00f3n apareciera destacada, la confinaba a p\u00e1ginas interiores. Cuando llamaban para que no se publicara alg\u00fan asunto, lo llevaba en primera plana.<\/p>\n\n\n\n<p>Benjam\u00edn Wong gan\u00f3 premios de periodismo, encabez\u00f3 proyectos fundacionales, fue siempre reportero m\u00e1s all\u00e1 de la ubicaci\u00f3n que alcanzara en los escalafones editoriales.<\/p>\n\n\n\n<p>Uno de sus mejores galardones fue el ampl\u00edsimo respeto que se le ten\u00eda entre los periodistas.<\/p>\n\n\n\n<figure class=\"wp-block-image\"><img loading=\"lazy\" decoding=\"async\" width=\"768\" height=\"1024\" src=\"http:\/\/diariodigitalmx.com\/wp-content\/uploads\/2019\/05\/IMG-20190526-WA0000-768x1024.jpg\" alt=\"\" class=\"wp-image-4764\" srcset=\"https:\/\/diariodigitalmx.com\/wp-content\/uploads\/2019\/05\/IMG-20190526-WA0000-768x1024.jpg 768w, https:\/\/diariodigitalmx.com\/wp-content\/uploads\/2019\/05\/IMG-20190526-WA0000-225x300.jpg 225w, https:\/\/diariodigitalmx.com\/wp-content\/uploads\/2019\/05\/IMG-20190526-WA0000.jpg 960w\" sizes=\"(max-width: 768px) 100vw, 768px\" \/><\/figure>\n","protected":false},"excerpt":{"rendered":"<p>*Muere a los 84 a\u00f1os y era asesor de la direcci\u00f3n del diario La Jornada El periodista Benjam\u00edn Wong Casta\u00f1eda, comunic\u00f3logo de origen potosino con una larga y reconocida trayectoria profesional, muri\u00f3 este viernes a los 84 a\u00f1os. Benjam\u00edn Wong se desempe\u00f1\u00f3 en diversos peri\u00f3dicos de la capital del pa\u00eds, trabaj\u00f3 en el Sol de [&hellip;]<\/p>\n","protected":false},"author":1,"featured_media":4763,"comment_status":"open","ping_status":"open","sticky":true,"template":"","format":"standard","meta":{"footnotes":""},"categories":[2,5],"tags":[],"_links":{"self":[{"href":"https:\/\/diariodigitalmx.com\/index.php\/wp-json\/wp\/v2\/posts\/4760"}],"collection":[{"href":"https:\/\/diariodigitalmx.com\/index.php\/wp-json\/wp\/v2\/posts"}],"about":[{"href":"https:\/\/diariodigitalmx.com\/index.php\/wp-json\/wp\/v2\/types\/post"}],"author":[{"embeddable":true,"href":"https:\/\/diariodigitalmx.com\/index.php\/wp-json\/wp\/v2\/users\/1"}],"replies":[{"embeddable":true,"href":"https:\/\/diariodigitalmx.com\/index.php\/wp-json\/wp\/v2\/comments?post=4760"}],"version-history":[{"count":3,"href":"https:\/\/diariodigitalmx.com\/index.php\/wp-json\/wp\/v2\/posts\/4760\/revisions"}],"predecessor-version":[{"id":4765,"href":"https:\/\/diariodigitalmx.com\/index.php\/wp-json\/wp\/v2\/posts\/4760\/revisions\/4765"}],"wp:featuredmedia":[{"embeddable":true,"href":"https:\/\/diariodigitalmx.com\/index.php\/wp-json\/wp\/v2\/media\/4763"}],"wp:attachment":[{"href":"https:\/\/diariodigitalmx.com\/index.php\/wp-json\/wp\/v2\/media?parent=4760"}],"wp:term":[{"taxonomy":"category","embeddable":true,"href":"https:\/\/diariodigitalmx.com\/index.php\/wp-json\/wp\/v2\/categories?post=4760"},{"taxonomy":"post_tag","embeddable":true,"href":"https:\/\/diariodigitalmx.com\/index.php\/wp-json\/wp\/v2\/tags?post=4760"}],"curies":[{"name":"wp","href":"https:\/\/api.w.org\/{rel}","templated":true}]}}