{"id":4774,"date":"2019-05-26T21:32:10","date_gmt":"2019-05-27T02:32:10","guid":{"rendered":"http:\/\/diariodigitalmx.com\/?p=4774"},"modified":"2019-06-03T13:19:01","modified_gmt":"2019-06-03T18:19:01","slug":"patinar-correr-caminar-pedalear-en-16-5-k-los-domingos","status":"publish","type":"post","link":"https:\/\/diariodigitalmx.com\/index.php\/2019\/05\/26\/patinar-correr-caminar-pedalear-en-16-5-k-los-domingos\/","title":{"rendered":"Patinar, correr, caminar, pedalear en 16.5 k, los domingos"},"content":{"rendered":"\n<p>*Cuatro horas para ejercitarse y convivir en Monterrey<\/p>\n\n\n\n<p> &nbsp;&nbsp;&nbsp;&nbsp;Corredores, ciclistas, patinadores y familias enteras disfrutaron el domingo la V\u00eda Deportiva Monterrey, en los carriles expr\u00e9s de las avenidas Constituci\u00f3n y Morones Prieto.<\/p>\n\n\n\n<p> &nbsp;&nbsp;&nbsp;&nbsp;En punto de las 6:30 horas, grupos de corredores y de ciclistas iniciaron su recorrido desde el multimodal frente al Palacio Municipal, ingresaron por la avenida Constituci\u00f3n hasta donde retornaron por los carriles expr\u00e9s de la avenida Morones Prieto, para posteriormente finalmente tomar el puente Revoluci\u00f3n y seguir por Constituci\u00f3n hasta llegar al punto de inicio.<\/p>\n\n\n\n<p> &nbsp;&nbsp;&nbsp;&nbsp;La V\u00eda Deportiva Monterrey arranc\u00f3 este domingo y se realizar\u00e1 cada fin de semana, con el &nbsp;prop\u00f3sito de dar espacio a los ciudadanos para realizar alguna actividad f\u00edsica, ya sea andar en bicicleta, trotar, correr, caminar, o patinar.<\/p>\n\n\n\n<p> &nbsp;&nbsp;&nbsp;&nbsp;El circuito lo organiza el Gobierno de la Ciudad a trav\u00e9s de la direcci\u00f3n de Cultura F\u00edsica y Deporte de la Secretar\u00eda de Desarrollo Social, que consiste en un recorrido de 16.5 kil\u00f3metros, en horario aproximado de 6:30 de la ma\u00f1ana a 10:30 horas.<\/p>\n\n\n\n<p> &nbsp;&nbsp;&nbsp;El secretario de Desarrollo Social, Rafael Ramos de la Garza, dijo que esta V\u00eda Deportiva se implement\u00f3 ante la importante participaci\u00f3n de atletas cada vez que se hace alguna carrera, y al ver que hab\u00eda mucha participaci\u00f3n de deportistas de diferentes disciplinas&nbsp; y que requer\u00edan de un espacio amplio y seguro, se decidi\u00f3 implementar el circuito.<br><br><\/p>\n\n\n\n<p> &nbsp;&nbsp;&nbsp;&nbsp;Fue de esta manera como se estableci\u00f3 la v\u00eda, que funcionar\u00e1 a una hora y en un d\u00eda en que no se utilizan mucho los carriles expr\u00e9s del &nbsp;par vial.<\/p>\n\n\n\n<p> La Secretar\u00eda de Vialidad y Tr\u00e1nsito en coordinaci\u00f3n con elementos de Protecci\u00f3n Civil Municipal implementaron un operativo para salvaguardar la seguridad de los asistentes, quienes agradecieron por \u00e9stas acciones al Municipio. &nbsp;&nbsp;<\/p>\n\n\n\n<p>&nbsp;El funcionario municipal tambi\u00e9n hizo un llamado a los regiomontanos a sumarse a este proyecto para convertirlo en un gran espacio de recreaci\u00f3n dominical.<\/p>\n\n\n\n<p><\/p>\n\n\n\n<ul class=\"wp-block-gallery columns-3 is-cropped wp-block-gallery-1 is-layout-flex wp-block-gallery-is-layout-flex\"><li class=\"blocks-gallery-item\"><figure><img loading=\"lazy\" decoding=\"async\" width=\"681\" height=\"1024\" src=\"http:\/\/diariodigitalmx.com\/wp-content\/uploads\/2019\/05\/87-681x1024.jpeg\" alt=\"\" data-id=\"4781\" data-link=\"http:\/\/diariodigitalmx.com\/?attachment_id=4781\" class=\"wp-image-4781\" srcset=\"https:\/\/diariodigitalmx.com\/wp-content\/uploads\/2019\/05\/87-681x1024.jpeg 681w, https:\/\/diariodigitalmx.com\/wp-content\/uploads\/2019\/05\/87-199x300.jpeg 199w, https:\/\/diariodigitalmx.com\/wp-content\/uploads\/2019\/05\/87-768x1155.jpeg 768w, https:\/\/diariodigitalmx.com\/wp-content\/uploads\/2019\/05\/87.jpeg 851w\" sizes=\"(max-width: 681px) 100vw, 681px\" \/><\/figure><\/li><li class=\"blocks-gallery-item\"><figure><img loading=\"lazy\" decoding=\"async\" width=\"1024\" height=\"682\" src=\"http:\/\/diariodigitalmx.com\/wp-content\/uploads\/2019\/05\/56-1024x682.jpeg\" alt=\"\" data-id=\"4782\" data-link=\"http:\/\/diariodigitalmx.com\/?attachment_id=4782\" class=\"wp-image-4782\" srcset=\"https:\/\/diariodigitalmx.com\/wp-content\/uploads\/2019\/05\/56-1024x682.jpeg 1024w, https:\/\/diariodigitalmx.com\/wp-content\/uploads\/2019\/05\/56-300x200.jpeg 300w, https:\/\/diariodigitalmx.com\/wp-content\/uploads\/2019\/05\/56-768x512.jpeg 768w, https:\/\/diariodigitalmx.com\/wp-content\/uploads\/2019\/05\/56.jpeg 1280w\" sizes=\"(max-width: 1024px) 100vw, 1024px\" \/><\/figure><\/li><li class=\"blocks-gallery-item\"><figure><img loading=\"lazy\" decoding=\"async\" width=\"1024\" height=\"682\" src=\"http:\/\/diariodigitalmx.com\/wp-content\/uploads\/2019\/05\/23-1024x682.jpeg\" alt=\"\" data-id=\"4783\" data-link=\"http:\/\/diariodigitalmx.com\/?attachment_id=4783\" class=\"wp-image-4783\" srcset=\"https:\/\/diariodigitalmx.com\/wp-content\/uploads\/2019\/05\/23-1024x682.jpeg 1024w, https:\/\/diariodigitalmx.com\/wp-content\/uploads\/2019\/05\/23-300x200.jpeg 300w, https:\/\/diariodigitalmx.com\/wp-content\/uploads\/2019\/05\/23-768x512.jpeg 768w, https:\/\/diariodigitalmx.com\/wp-content\/uploads\/2019\/05\/23.jpeg 1280w\" sizes=\"(max-width: 1024px) 100vw, 1024px\" \/><\/figure><\/li><li class=\"blocks-gallery-item\"><figure><img loading=\"lazy\" decoding=\"async\" width=\"682\" height=\"1024\" src=\"http:\/\/diariodigitalmx.com\/wp-content\/uploads\/2019\/05\/7-682x1024.jpeg\" alt=\"\" data-id=\"4784\" data-link=\"http:\/\/diariodigitalmx.com\/?attachment_id=4784\" class=\"wp-image-4784\" srcset=\"https:\/\/diariodigitalmx.com\/wp-content\/uploads\/2019\/05\/7-682x1024.jpeg 682w, https:\/\/diariodigitalmx.com\/wp-content\/uploads\/2019\/05\/7-200x300.jpeg 200w, https:\/\/diariodigitalmx.com\/wp-content\/uploads\/2019\/05\/7-768x1152.jpeg 768w, https:\/\/diariodigitalmx.com\/wp-content\/uploads\/2019\/05\/7.jpeg 853w\" sizes=\"(max-width: 682px) 100vw, 682px\" \/><\/figure><\/li><li class=\"blocks-gallery-item\"><figure><img loading=\"lazy\" decoding=\"async\" width=\"766\" height=\"975\" src=\"http:\/\/diariodigitalmx.com\/wp-content\/uploads\/2019\/05\/2-2.jpg\" alt=\"\" data-id=\"4785\" data-link=\"http:\/\/diariodigitalmx.com\/?attachment_id=4785\" class=\"wp-image-4785\" srcset=\"https:\/\/diariodigitalmx.com\/wp-content\/uploads\/2019\/05\/2-2.jpg 766w, https:\/\/diariodigitalmx.com\/wp-content\/uploads\/2019\/05\/2-2-236x300.jpg 236w\" sizes=\"(max-width: 766px) 100vw, 766px\" \/><figcaption>????????????????????????????????????<\/figcaption><\/figure><\/li><\/ul>\n","protected":false},"excerpt":{"rendered":"<p>*Cuatro horas para ejercitarse y convivir en Monterrey &nbsp;&nbsp;&nbsp;&nbsp;Corredores, ciclistas, patinadores y familias enteras disfrutaron el domingo la V\u00eda Deportiva Monterrey, en los carriles expr\u00e9s de las avenidas Constituci\u00f3n y Morones Prieto. &nbsp;&nbsp;&nbsp;&nbsp;En punto de las 6:30 horas, grupos de corredores y de ciclistas iniciaron su recorrido desde el multimodal frente al Palacio Municipal, ingresaron [&hellip;]<\/p>\n","protected":false},"author":1,"featured_media":4779,"comment_status":"open","ping_status":"open","sticky":true,"template":"","format":"standard","meta":{"footnotes":""},"categories":[6,3],"tags":[],"_links":{"self":[{"href":"https:\/\/diariodigitalmx.com\/index.php\/wp-json\/wp\/v2\/posts\/4774"}],"collection":[{"href":"https:\/\/diariodigitalmx.com\/index.php\/wp-json\/wp\/v2\/posts"}],"about":[{"href":"https:\/\/diariodigitalmx.com\/index.php\/wp-json\/wp\/v2\/types\/post"}],"author":[{"embeddable":true,"href":"https:\/\/diariodigitalmx.com\/index.php\/wp-json\/wp\/v2\/users\/1"}],"replies":[{"embeddable":true,"href":"https:\/\/diariodigitalmx.com\/index.php\/wp-json\/wp\/v2\/comments?post=4774"}],"version-history":[{"count":6,"href":"https:\/\/diariodigitalmx.com\/index.php\/wp-json\/wp\/v2\/posts\/4774\/revisions"}],"predecessor-version":[{"id":4786,"href":"https:\/\/diariodigitalmx.com\/index.php\/wp-json\/wp\/v2\/posts\/4774\/revisions\/4786"}],"wp:featuredmedia":[{"embeddable":true,"href":"https:\/\/diariodigitalmx.com\/index.php\/wp-json\/wp\/v2\/media\/4779"}],"wp:attachment":[{"href":"https:\/\/diariodigitalmx.com\/index.php\/wp-json\/wp\/v2\/media?parent=4774"}],"wp:term":[{"taxonomy":"category","embeddable":true,"href":"https:\/\/diariodigitalmx.com\/index.php\/wp-json\/wp\/v2\/categories?post=4774"},{"taxonomy":"post_tag","embeddable":true,"href":"https:\/\/diariodigitalmx.com\/index.php\/wp-json\/wp\/v2\/tags?post=4774"}],"curies":[{"name":"wp","href":"https:\/\/api.w.org\/{rel}","templated":true}]}}