{"id":4813,"date":"2019-05-27T11:17:37","date_gmt":"2019-05-27T16:17:37","guid":{"rendered":"http:\/\/diariodigitalmx.com\/?p=4813"},"modified":"2019-06-03T13:20:39","modified_gmt":"2019-06-03T18:20:39","slug":"compra-de-medicamentos-en-el-extranjero-si-es-necesario","status":"publish","type":"post","link":"https:\/\/diariodigitalmx.com\/index.php\/2019\/05\/27\/compra-de-medicamentos-en-el-extranjero-si-es-necesario\/","title":{"rendered":"Compra de medicamentos en el extranjero si es necesario"},"content":{"rendered":"\n<h3 class=\"wp-block-heading\"><\/h3>\n\n\n\n<p>El\npresidente Andr\u00e9s Manuel L\u00f3pez Obrador advirti\u00f3 que, si los proveedores de\nmedicamentos contin\u00faan con las presiones al gobierno federal para imponer sus\nprecios, enviar\u00e1 una comisi\u00f3n para abastecerse de los insumos m\u00e9dicos en el\nextranjero.<\/p>\n\n\n\n<p>\u201cSi hay dificultades en adquisiciones y quieren bloquear, nos\nvamos al mundo a comprar los medicamentos. Estamos ya resolviendo y poco a\npoco, han ido cambiando de parecer, se va avanzando, pero s\u00ed vemos que no hay\nvoluntad para ayudar, porque son muy buenos para el discurso, para la\ndemagogia\u201d, amag\u00f3 durante la conferencia ma\u00f1anera.<\/p>\n\n\n\n<\n\n\n\n\n\n<p>El\nsecretario de Salud, Jorge Alcocer Varela, acus\u00f3 que en Tabasco las empresas\nfarmac\u00e9uticas se negaron a vender medicamentos al sector p\u00fablico.\n\n<\/p>\n\n\n\n<p>Explic\u00f3 que cuentan con el presupuesto suficiente y\ndesde noviembre del a\u00f1o pasado realizaron las primeras contrataciones para el\n2019, pero \u201cnadie de la industria farmac\u00e9utica ha querido abastecerlo\u201d, ante el\nnuevo esquema de contrataci\u00f3n en el segundo semestre.<\/p>\n\n\n\n<p>De acuerdo con el subsecretario de Prevenci\u00f3n y\nPromoci\u00f3n de la Salud, Hugo L\u00f3pez Gatell, detall\u00f3 que las empresas privadas no\nse han comprometido con el modelo de piso parejo en las compras p\u00fablicas, se\nhan turnado entre ellas las contrataciones, para reducir el n\u00famero de ofertas\nal gobierno e imponer sus precios en el sector salud.<\/p>\n\n\n\n<p>\u201cEn el caso de Tabasco se ilustran algunos de estos\nvicios, que tiene que ver con el manejo de organizar la oferta por parte de los\nproveedores privados, para poner al gobierno en una condici\u00f3n de desventaja al\nconcentrar en pocas manos o en pocas empresas de distribuci\u00f3n, los insumos del\nmercado. Jugaban a turnarse\u201d, denunci\u00f3 L\u00f3pez Gatell.<\/p>\n\n\n\n<p>En este sentido, explic\u00f3 que replicar\u00e1n el modelo\nde la compra de antirretrovirales para el resto de equipo m\u00e9dico, materiales de\ncuraci\u00f3n, antibi\u00f3ticos y dem\u00e1s tratamientos, en el que se consult\u00f3 a expertos\nen el ramo, se realiz\u00f3 en compa\u00f1\u00eda de la Oficina de las Naciones Unidas de\nServicios para Proyectos (UNOPS) y el modelo de piso parejo.<\/p>\n\n\n\n<p>En la exposici\u00f3n del secretario de Salud, se\ninform\u00f3 que se logr\u00f3 el abasto de antirretrovirales al 100 por ciento, se\nahorr\u00f3 hasta un 57 por ciento, equivalente a mil 700 millones de pesos y se\ncambi\u00f3 por un medicamento m\u00e1s nuevo.<\/p>\n","protected":false},"excerpt":{"rendered":"<p>El presidente Andr\u00e9s Manuel L\u00f3pez Obrador advirti\u00f3 que, si los proveedores de medicamentos contin\u00faan con las presiones al gobierno federal para imponer sus precios, enviar\u00e1 una comisi\u00f3n para abastecerse de los insumos m\u00e9dicos en el extranjero. \u201cSi hay dificultades en adquisiciones y quieren bloquear, nos vamos al mundo a comprar los medicamentos. Estamos ya resolviendo [&hellip;]<\/p>\n","protected":false},"author":1,"featured_media":4816,"comment_status":"open","ping_status":"open","sticky":true,"template":"","format":"standard","meta":{"footnotes":""},"categories":[2,3],"tags":[],"_links":{"self":[{"href":"https:\/\/diariodigitalmx.com\/index.php\/wp-json\/wp\/v2\/posts\/4813"}],"collection":[{"href":"https:\/\/diariodigitalmx.com\/index.php\/wp-json\/wp\/v2\/posts"}],"about":[{"href":"https:\/\/diariodigitalmx.com\/index.php\/wp-json\/wp\/v2\/types\/post"}],"author":[{"embeddable":true,"href":"https:\/\/diariodigitalmx.com\/index.php\/wp-json\/wp\/v2\/users\/1"}],"replies":[{"embeddable":true,"href":"https:\/\/diariodigitalmx.com\/index.php\/wp-json\/wp\/v2\/comments?post=4813"}],"version-history":[{"count":2,"href":"https:\/\/diariodigitalmx.com\/index.php\/wp-json\/wp\/v2\/posts\/4813\/revisions"}],"predecessor-version":[{"id":4815,"href":"https:\/\/diariodigitalmx.com\/index.php\/wp-json\/wp\/v2\/posts\/4813\/revisions\/4815"}],"wp:featuredmedia":[{"embeddable":true,"href":"https:\/\/diariodigitalmx.com\/index.php\/wp-json\/wp\/v2\/media\/4816"}],"wp:attachment":[{"href":"https:\/\/diariodigitalmx.com\/index.php\/wp-json\/wp\/v2\/media?parent=4813"}],"wp:term":[{"taxonomy":"category","embeddable":true,"href":"https:\/\/diariodigitalmx.com\/index.php\/wp-json\/wp\/v2\/categories?post=4813"},{"taxonomy":"post_tag","embeddable":true,"href":"https:\/\/diariodigitalmx.com\/index.php\/wp-json\/wp\/v2\/tags?post=4813"}],"curies":[{"name":"wp","href":"https:\/\/api.w.org\/{rel}","templated":true}]}}