{"id":4826,"date":"2019-05-27T12:18:28","date_gmt":"2019-05-27T17:18:28","guid":{"rendered":"http:\/\/diariodigitalmx.com\/?p=4826"},"modified":"2019-05-27T12:18:29","modified_gmt":"2019-05-27T17:18:29","slug":"diputada-reconoce-que-de-adolescente-penso-en-esa-salida","status":"publish","type":"post","link":"https:\/\/diariodigitalmx.com\/index.php\/2019\/05\/27\/diputada-reconoce-que-de-adolescente-penso-en-esa-salida\/","title":{"rendered":"Diputada reconoce que de adolescente pens\u00f3 en esa salida"},"content":{"rendered":"\n<p>Diputada reconoce que de adolescente pens\u00f3 en esa salida<\/p>\n\n\n\n<figure class=\"wp-block-video aligncenter\"><video controls src=\"http:\/\/diariodigitalmx.com\/wp-content\/uploads\/2019\/05\/bbpoqRstsfN_Nprr.mp4\"><\/video><figcaption><strong>VIDEO DIPUTADA<\/strong><\/figcaption><\/figure>\n\n\n\n<p>Las estad\u00edsticas oficiales se\u00f1alan que en 2014 hubo 170 suicidios, 264 en 2015, 277 en 2016 y 292 en 2017<\/p>\n\n\n\n<p>Las estad\u00edsticas oficiales se\u00f1alan que en 2014 hubo 170 suicidios, 264 en 2015, 277 en 2016 y 292 en 2017<\/p>\n\n\n\n<p><br> De acuerdo a cifras de la Fiscal\u00eda General de Justicia de Nuevo Le\u00f3n, en los primeros cinco meses del a\u00f1o el suicidio aument\u00f3 en un 30 por ciento comparado con 2017.<\/p>\n\n\n\n<p><br> Las estad\u00edsticas oficiales se\u00f1alan que en 2014 hubo 170 suicidios, 264 en 2015, 277 en 2016 y 292 en 2017.<\/p>\n\n\n\n<p><br> El problema del suicidio es grave en Nuevo Le\u00f3n, al grado que, en su \u00e9poca de adolescente, la ahora diputada local Tabita Ortiz revela<br> que intent\u00f3 suicidarse por problemas que atravesaba y cre\u00eda no ten\u00edan soluci\u00f3n.<\/p>\n\n\n\n<p><br> &#8220;Me pas\u00f3 por mi mente, atravesaba problemas que me hicieron pensar en suicidarme, afortunadamente encontr\u00e9 apoy\u00f3 y super\u00e9 esa<br> tendencia&#8221;, dice la legisladora Ortiz.<\/p>\n\n\n\n<p><br> Posteriormente, confiesa, uno de sus hermanos padece problemas de esquizofrenia por lo que se aboc\u00f3 a ayudarlo para que salga<br> adelante<\/p>\n","protected":false},"excerpt":{"rendered":"<p>Diputada reconoce que de adolescente pens\u00f3 en esa salida Las estad\u00edsticas oficiales se\u00f1alan que en 2014 hubo 170 suicidios, 264 en 2015, 277 en 2016 y 292 en 2017 Las estad\u00edsticas oficiales se\u00f1alan que en 2014 hubo 170 suicidios, 264 en 2015, 277 en 2016 y 292 en 2017 De acuerdo a cifras de la [&hellip;]<\/p>\n","protected":false},"author":1,"featured_media":4830,"comment_status":"open","ping_status":"open","sticky":true,"template":"","format":"standard","meta":{"footnotes":""},"categories":[6,3],"tags":[],"_links":{"self":[{"href":"https:\/\/diariodigitalmx.com\/index.php\/wp-json\/wp\/v2\/posts\/4826"}],"collection":[{"href":"https:\/\/diariodigitalmx.com\/index.php\/wp-json\/wp\/v2\/posts"}],"about":[{"href":"https:\/\/diariodigitalmx.com\/index.php\/wp-json\/wp\/v2\/types\/post"}],"author":[{"embeddable":true,"href":"https:\/\/diariodigitalmx.com\/index.php\/wp-json\/wp\/v2\/users\/1"}],"replies":[{"embeddable":true,"href":"https:\/\/diariodigitalmx.com\/index.php\/wp-json\/wp\/v2\/comments?post=4826"}],"version-history":[{"count":2,"href":"https:\/\/diariodigitalmx.com\/index.php\/wp-json\/wp\/v2\/posts\/4826\/revisions"}],"predecessor-version":[{"id":4829,"href":"https:\/\/diariodigitalmx.com\/index.php\/wp-json\/wp\/v2\/posts\/4826\/revisions\/4829"}],"wp:featuredmedia":[{"embeddable":true,"href":"https:\/\/diariodigitalmx.com\/index.php\/wp-json\/wp\/v2\/media\/4830"}],"wp:attachment":[{"href":"https:\/\/diariodigitalmx.com\/index.php\/wp-json\/wp\/v2\/media?parent=4826"}],"wp:term":[{"taxonomy":"category","embeddable":true,"href":"https:\/\/diariodigitalmx.com\/index.php\/wp-json\/wp\/v2\/categories?post=4826"},{"taxonomy":"post_tag","embeddable":true,"href":"https:\/\/diariodigitalmx.com\/index.php\/wp-json\/wp\/v2\/tags?post=4826"}],"curies":[{"name":"wp","href":"https:\/\/api.w.org\/{rel}","templated":true}]}}