{"id":484,"date":"2019-02-25T11:27:47","date_gmt":"2019-02-25T17:27:47","guid":{"rendered":"http:\/\/diariodigitalmx.com\/?p=484"},"modified":"2019-02-25T11:27:49","modified_gmt":"2019-02-25T17:27:49","slug":"en-opinion-de-oscar-tamez-3","status":"publish","type":"post","link":"https:\/\/diariodigitalmx.com\/index.php\/2019\/02\/25\/en-opinion-de-oscar-tamez-3\/","title":{"rendered":"En opini\u00f3n de: Oscar Tamez"},"content":{"rendered":"\n<p>\n\n\u00d3scar Tamez Rodr\u00edguez<\/p>\n\n\n\n<p>Por Cierto&#8230; La bomba del fin de semana fue el surgimiento de un grupo de choque -pol\u00edtico- en contra del gobierno de AMLO, es algo as\u00ed como un compl\u00f3 o un intento de mot\u00edn en contra de las instituciones, se dice lo encabeza el gobernador del Corral. Seg\u00fan el presidente de la Coparmex, Gustavo de Hoyos, M\u00e9xico necesita contrapesos en el poder. Vaya, es un cuasi golpe de Estado. En M\u00e9xico vivimos un republicanismo en donde existen contrapesos entre los tres poderes de la Uni\u00f3n. Igual existen contrapesos entre los poderes pol\u00edticos, econ\u00f3micos, sociales y militares, no es necesario formar agrupamientos de contrapesos f\u00e1cticos. Nada justifica el alzamiento pues que haya partido hegem\u00f3nico en el poder fue una decisi\u00f3n democr\u00e1tica y adem\u00e1s hasta hoy, no hay elementos que indiquen una tendencia hacia un absolutismo, aunque eso no signifique que el presidente es un l\u00edder democr\u00e1tico -en las definiciones de liderazgo, no de pol\u00edtica-. Qu\u00e9 expliquen los alzados los intereses que los mueven porque los contrapesos en la pol\u00edtica y el poder en M\u00e9xico ya existen y son institucionales. \u00bfAl menos que la aprobaci\u00f3n de la guardia nacional donde el ej\u00e9rcito asume el control de facto en gran parte del pa\u00eds, les cause picaz\u00f3n?<br><a rel=\"noreferrer noopener\" target=\"_blank\" href=\"http:\/\/www.estudiospoliticos.mx\/\">www.estudiospoliticos.mx<\/a>@EstudiosMx<a rel=\"noreferrer noopener\" target=\"_blank\" href=\"http:\/\/www.facebook.com\/EstudiosPoliticos.mx\">www.facebook.com\/EstudiosPoliticos.mx<\/a><br><\/p>\n","protected":false},"excerpt":{"rendered":"<p>\u00d3scar Tamez Rodr\u00edguez Por Cierto&#8230; La bomba del fin de semana fue el surgimiento de un grupo de choque -pol\u00edtico- en contra del gobierno de AMLO, es algo as\u00ed como un compl\u00f3 o un intento de mot\u00edn en contra de las instituciones, se dice lo encabeza el gobernador del Corral. Seg\u00fan el presidente de la [&hellip;]<\/p>\n","protected":false},"author":1,"featured_media":485,"comment_status":"open","ping_status":"open","sticky":true,"template":"","format":"standard","meta":{"footnotes":""},"categories":[12],"tags":[],"_links":{"self":[{"href":"https:\/\/diariodigitalmx.com\/index.php\/wp-json\/wp\/v2\/posts\/484"}],"collection":[{"href":"https:\/\/diariodigitalmx.com\/index.php\/wp-json\/wp\/v2\/posts"}],"about":[{"href":"https:\/\/diariodigitalmx.com\/index.php\/wp-json\/wp\/v2\/types\/post"}],"author":[{"embeddable":true,"href":"https:\/\/diariodigitalmx.com\/index.php\/wp-json\/wp\/v2\/users\/1"}],"replies":[{"embeddable":true,"href":"https:\/\/diariodigitalmx.com\/index.php\/wp-json\/wp\/v2\/comments?post=484"}],"version-history":[{"count":1,"href":"https:\/\/diariodigitalmx.com\/index.php\/wp-json\/wp\/v2\/posts\/484\/revisions"}],"predecessor-version":[{"id":486,"href":"https:\/\/diariodigitalmx.com\/index.php\/wp-json\/wp\/v2\/posts\/484\/revisions\/486"}],"wp:featuredmedia":[{"embeddable":true,"href":"https:\/\/diariodigitalmx.com\/index.php\/wp-json\/wp\/v2\/media\/485"}],"wp:attachment":[{"href":"https:\/\/diariodigitalmx.com\/index.php\/wp-json\/wp\/v2\/media?parent=484"}],"wp:term":[{"taxonomy":"category","embeddable":true,"href":"https:\/\/diariodigitalmx.com\/index.php\/wp-json\/wp\/v2\/categories?post=484"},{"taxonomy":"post_tag","embeddable":true,"href":"https:\/\/diariodigitalmx.com\/index.php\/wp-json\/wp\/v2\/tags?post=484"}],"curies":[{"name":"wp","href":"https:\/\/api.w.org\/{rel}","templated":true}]}}