{"id":4849,"date":"2019-05-27T15:53:24","date_gmt":"2019-05-27T20:53:24","guid":{"rendered":"http:\/\/diariodigitalmx.com\/?p=4849"},"modified":"2019-10-18T17:38:37","modified_gmt":"2019-10-18T22:38:37","slug":"de-190-dias-el-proximo-ciclo-escolar-que-inicia-el-26-de-agosto","status":"publish","type":"post","link":"https:\/\/diariodigitalmx.com\/index.php\/2019\/05\/27\/de-190-dias-el-proximo-ciclo-escolar-que-inicia-el-26-de-agosto\/","title":{"rendered":"De 190 d\u00edas el pr\u00f3ximo ciclo escolar que inicia el 26 de agosto"},"content":{"rendered":"\n<p>El\npr\u00f3ximo ciclo escolar, el calendario escolar ser\u00e1 de 190 d\u00edas para todas las\nescuelas del pa\u00eds, con lo que se entierra el calendario de la reforma educativa\nde Enrique Pe\u00f1a Nieto, que permit\u00eda elegir entre un ciclo escolar de 185, 190 o\n200 d\u00edas.<\/p>\n\n\n\n<p>El secretario de Educaci\u00f3n P\u00fablica, Esteban Moctezuma Barrag\u00e1n,\ndijo que el pr\u00f3ximo ciclo escolar comenzar\u00e1 el 26 de agosto de 2019 y concluir\u00e1\nel 6 de julio 2020.<\/p>\n\n\n\n\n\n\n\n<p>Este\ncalendario escolar est\u00e1 pensado para que los 190 d\u00edas sean efectivos, por lo\nque las reuniones de los Consejos T\u00e9cnicos Escolares se llevar\u00e1n a cabo en d\u00edas\nque no se cuenten como laborales, y en jornadas pegadas a d\u00edas de asueto para\nno romper la semana educativa.\n\n\n\n<\/p>\n\n\n\n<p>Aunque\nse dar\u00e1n m\u00e1s d\u00edas de asueto, esto no significa que se corte el proceso\neducativo, ya que se promover\u00e1n los d\u00edas de asueto con causa, donde los alumnos\ntendr\u00e1n que entregar un ensayo sobre una actividad familiar relacionada con la\nfestividad que se conmemora.<\/p>\n\n\n\n<p>Por otro lado,\nMoctezuma Barrag\u00e1n coment\u00f3 asegur\u00f3 que para el inicio de clases estar\u00e1n\ndistribuidos todos los libros de texto gratuitos.<\/p>\n","protected":false},"excerpt":{"rendered":"<p>El pr\u00f3ximo ciclo escolar, el calendario escolar ser\u00e1 de 190 d\u00edas para todas las escuelas del pa\u00eds, con lo que se entierra el calendario de la reforma educativa de Enrique Pe\u00f1a Nieto, que permit\u00eda elegir entre un ciclo escolar de 185, 190 o 200 d\u00edas. El secretario de Educaci\u00f3n P\u00fablica, Esteban Moctezuma Barrag\u00e1n, dijo que [&hellip;]<\/p>\n","protected":false},"author":1,"featured_media":4851,"comment_status":"open","ping_status":"open","sticky":true,"template":"","format":"standard","meta":{"footnotes":""},"categories":[2],"tags":[],"_links":{"self":[{"href":"https:\/\/diariodigitalmx.com\/index.php\/wp-json\/wp\/v2\/posts\/4849"}],"collection":[{"href":"https:\/\/diariodigitalmx.com\/index.php\/wp-json\/wp\/v2\/posts"}],"about":[{"href":"https:\/\/diariodigitalmx.com\/index.php\/wp-json\/wp\/v2\/types\/post"}],"author":[{"embeddable":true,"href":"https:\/\/diariodigitalmx.com\/index.php\/wp-json\/wp\/v2\/users\/1"}],"replies":[{"embeddable":true,"href":"https:\/\/diariodigitalmx.com\/index.php\/wp-json\/wp\/v2\/comments?post=4849"}],"version-history":[{"count":1,"href":"https:\/\/diariodigitalmx.com\/index.php\/wp-json\/wp\/v2\/posts\/4849\/revisions"}],"predecessor-version":[{"id":4850,"href":"https:\/\/diariodigitalmx.com\/index.php\/wp-json\/wp\/v2\/posts\/4849\/revisions\/4850"}],"wp:featuredmedia":[{"embeddable":true,"href":"https:\/\/diariodigitalmx.com\/index.php\/wp-json\/wp\/v2\/media\/4851"}],"wp:attachment":[{"href":"https:\/\/diariodigitalmx.com\/index.php\/wp-json\/wp\/v2\/media?parent=4849"}],"wp:term":[{"taxonomy":"category","embeddable":true,"href":"https:\/\/diariodigitalmx.com\/index.php\/wp-json\/wp\/v2\/categories?post=4849"},{"taxonomy":"post_tag","embeddable":true,"href":"https:\/\/diariodigitalmx.com\/index.php\/wp-json\/wp\/v2\/tags?post=4849"}],"curies":[{"name":"wp","href":"https:\/\/api.w.org\/{rel}","templated":true}]}}