{"id":4852,"date":"2019-05-27T15:57:50","date_gmt":"2019-05-27T20:57:50","guid":{"rendered":"http:\/\/diariodigitalmx.com\/?p=4852"},"modified":"2019-06-03T13:21:56","modified_gmt":"2019-06-03T18:21:56","slug":"se-retira-de-la-vida-publica-el-rey-juan-carlos","status":"publish","type":"post","link":"https:\/\/diariodigitalmx.com\/index.php\/2019\/05\/27\/se-retira-de-la-vida-publica-el-rey-juan-carlos\/","title":{"rendered":"Se retira de la vida p\u00fablica el rey Juan Carlos"},"content":{"rendered":"\n<p>\n\nJuan Carlos I, rey em\u00e9rito de Espa\u00f1a, anunci\u00f3 este lunes que el pr\u00f3ximo 2 de junio abandonar\u00e1 su actividad p\u00fablica, al cumplirse cinco a\u00f1os de su abdicaci\u00f3n en favor de su hijo, Felipe VI.<\/p>\n\n\n\n<p>El monarca, de 81 a\u00f1os, comunic\u00f3 a su hijo esta decisi\u00f3n en una carta en la que asegura que ha llegado el momento de pasar &#8220;una nueva p\u00e1gina&#8221; en su vida y completar su retirada de los actos p\u00fablicos, seg\u00fan un comunicado del Palacio de la Zarzuela.<\/p>\n\n\n\n<p>&#8220;Desde el a\u00f1o pasado, cuando celebr\u00e9 mi 80 cumplea\u00f1os, he venido madurando esta idea, que se reafirm\u00f3 con motivo de la inolvidable conmemoraci\u00f3n del 40 Aniversario de nuestra Constituci\u00f3n en las Cortes Generales&#8221;, a\u00f1ade el rey em\u00e9rito en la misiva.<\/p>\n\n\n\n<p>Ese acto solemne en el Congreso de los Diputados, celebrado el pasado 6 de diciembre, asegura que estuvo lleno de emoci\u00f3n para \u00e9l y que le hizo evocar &#8220;con orgullo y admiraci\u00f3n, el recuerdo de tantas personas que contribuyeron a hacer posible la Transici\u00f3n pol\u00edtica y renovar -afirma- mi sentimiento de permanente gratitud hacia el pueblo espa\u00f1ol&#8221;.<\/p>\n\n\n\n<p>Un pueblo que considera que es &#8220;el art\u00edfice y principal protagonista de aquella trascendental etapa de nuestra historia reciente&#8221;.<\/p>\n\n\n\n<p>&#8220;Con una firme y meditada convicci\u00f3n, hoy te expreso mi voluntad y deseo de dar este paso y dejar de desarrollar actividades institucionales a partir del pr\u00f3ximo 2 de junio&#8221;, avanza a Felipe VI en la carta.<\/p>\n\n\n\n<p>Una misiva en la que asegura que toma tambi\u00e9n su decisi\u00f3n &#8220;desde el gran cari\u00f1o y orgullo de padre que -subraya- por ti siento&#8221;.<\/p>\n\n\n\n<p>&#8220;Con mi lealtad siempre. Un grand\u00edsimo abrazo de tu padre&#8221;, termina.<\/p>\n\n\n\n<p>Juan Carlos I protagoniz\u00f3 su \u00faltimo acto institucional, de car\u00e1cter hist\u00f3rico, el pasado d\u00eda 17, y no est\u00e1 prevista su presencia en ninguno en esta semana.<\/p>\n\n\n\n<p>Ha sido rey de Espa\u00f1a durante 39 a\u00f1os desde que fue proclamado el 22 de noviembre de 1975 uno de los reinados m\u00e1s largos de la historia del pa\u00eds, durante el que dirigi\u00f3 la transici\u00f3n de la dictadura de Francisco Franco (1939-1975) a la democracia.<\/p>\n\n\n\n<p>El 2 de junio de 2014, a los 76 a\u00f1os, anunci\u00f3 su decisi\u00f3n de poner fin a su reinado y abdicar en su hijo para abrir as\u00ed &#8220;una nueva etapa de esperanza en la que se combinen la experiencia adquirida y el impulso de una nueva generaci\u00f3n&#8221;, seg\u00fan dijo el monarca en un mensaje dirigido a la naci\u00f3n.<\/p>\n\n\n\n<p>Nacido en Roma el 5 de enero de 1938, Juan Carlos I tuvo una intervenci\u00f3n decisiva en el intento de golpe de Estado del 23 de febrero de 1981, con la que se gan\u00f3 el respeto, tanto en Espa\u00f1a como en el extranjero.<br><\/p>\n","protected":false},"excerpt":{"rendered":"<p>Juan Carlos I, rey em\u00e9rito de Espa\u00f1a, anunci\u00f3 este lunes que el pr\u00f3ximo 2 de junio abandonar\u00e1 su actividad p\u00fablica, al cumplirse cinco a\u00f1os de su abdicaci\u00f3n en favor de su hijo, Felipe VI. El monarca, de 81 a\u00f1os, comunic\u00f3 a su hijo esta decisi\u00f3n en una carta en la que asegura que ha llegado [&hellip;]<\/p>\n","protected":false},"author":1,"featured_media":4854,"comment_status":"open","ping_status":"open","sticky":true,"template":"","format":"standard","meta":{"footnotes":""},"categories":[4,5],"tags":[],"_links":{"self":[{"href":"https:\/\/diariodigitalmx.com\/index.php\/wp-json\/wp\/v2\/posts\/4852"}],"collection":[{"href":"https:\/\/diariodigitalmx.com\/index.php\/wp-json\/wp\/v2\/posts"}],"about":[{"href":"https:\/\/diariodigitalmx.com\/index.php\/wp-json\/wp\/v2\/types\/post"}],"author":[{"embeddable":true,"href":"https:\/\/diariodigitalmx.com\/index.php\/wp-json\/wp\/v2\/users\/1"}],"replies":[{"embeddable":true,"href":"https:\/\/diariodigitalmx.com\/index.php\/wp-json\/wp\/v2\/comments?post=4852"}],"version-history":[{"count":2,"href":"https:\/\/diariodigitalmx.com\/index.php\/wp-json\/wp\/v2\/posts\/4852\/revisions"}],"predecessor-version":[{"id":4855,"href":"https:\/\/diariodigitalmx.com\/index.php\/wp-json\/wp\/v2\/posts\/4852\/revisions\/4855"}],"wp:featuredmedia":[{"embeddable":true,"href":"https:\/\/diariodigitalmx.com\/index.php\/wp-json\/wp\/v2\/media\/4854"}],"wp:attachment":[{"href":"https:\/\/diariodigitalmx.com\/index.php\/wp-json\/wp\/v2\/media?parent=4852"}],"wp:term":[{"taxonomy":"category","embeddable":true,"href":"https:\/\/diariodigitalmx.com\/index.php\/wp-json\/wp\/v2\/categories?post=4852"},{"taxonomy":"post_tag","embeddable":true,"href":"https:\/\/diariodigitalmx.com\/index.php\/wp-json\/wp\/v2\/tags?post=4852"}],"curies":[{"name":"wp","href":"https:\/\/api.w.org\/{rel}","templated":true}]}}