{"id":48812,"date":"2021-02-13T16:04:35","date_gmt":"2021-02-13T22:04:35","guid":{"rendered":"http:\/\/diariodigitalmx.com\/?p=48812"},"modified":"2021-02-13T16:08:31","modified_gmt":"2021-02-13T22:08:31","slug":"48812","status":"publish","type":"post","link":"https:\/\/diariodigitalmx.com\/index.php\/2021\/02\/13\/48812\/","title":{"rendered":"Presenta PRD a sus candidatos para Alcald\u00edas y diputaciones locales"},"content":{"rendered":"\n<p><br> Walter Elizondo <\/p>\n\n\n\n<p>Monterrey, NL.- El Partido de la Revoluci\u00f3n Democr\u00e1tica present\u00f3 a sus candidatos para Alcald\u00edas y diputaciones locales que participar\u00e1n dentro de la coalici\u00f3n \u201cVa Fuerte por Nuevo Le\u00f3n\u201d<\/p>\n\n\n\n<p>El consejero nacional An\u00edbal Garza, acompa\u00f1ado por Sylvia Elizondo, Presidente del PRD y Heriberto Trevi\u00f1o, Dirigente del PRI encabezaron el evento de presentaci\u00f3n en la sede estatal del Partido de la Revoluci\u00f3n Democr\u00e1tica ubicada en el centro de Monterrey. <\/p>\n\n\n\n<figure class=\"wp-block-image\"><img loading=\"lazy\" decoding=\"async\" width=\"1024\" height=\"682\" src=\"http:\/\/diariodigitalmx.com\/wp-content\/uploads\/2021\/02\/IMG-20210213-WA0016-1024x682.jpg\" alt=\"\" class=\"wp-image-48818\" srcset=\"https:\/\/diariodigitalmx.com\/wp-content\/uploads\/2021\/02\/IMG-20210213-WA0016-1024x682.jpg 1024w, https:\/\/diariodigitalmx.com\/wp-content\/uploads\/2021\/02\/IMG-20210213-WA0016-300x200.jpg 300w, https:\/\/diariodigitalmx.com\/wp-content\/uploads\/2021\/02\/IMG-20210213-WA0016-768x511.jpg 768w, https:\/\/diariodigitalmx.com\/wp-content\/uploads\/2021\/02\/IMG-20210213-WA0016.jpg 1280w\" sizes=\"(max-width: 1024px) 100vw, 1024px\" \/><\/figure>\n\n\n\n<p>La dirigente del PRD Sylvia Elizondo coment\u00f3 \u201cen el PRD estamos listos para los pr\u00f3ximos comicios electorales, y estamos seguros que el sol volver\u00e1 a salir para todos, vamos fuerte por Nuevo Le\u00f3n\u201d.<\/p>\n\n\n\n<figure class=\"wp-block-image\"><img loading=\"lazy\" decoding=\"async\" width=\"1024\" height=\"682\" src=\"http:\/\/diariodigitalmx.com\/wp-content\/uploads\/2021\/02\/IMG-20210213-WA0014-1024x682.jpg\" alt=\"\" class=\"wp-image-48820\" srcset=\"https:\/\/diariodigitalmx.com\/wp-content\/uploads\/2021\/02\/IMG-20210213-WA0014-1024x682.jpg 1024w, https:\/\/diariodigitalmx.com\/wp-content\/uploads\/2021\/02\/IMG-20210213-WA0014-300x200.jpg 300w, https:\/\/diariodigitalmx.com\/wp-content\/uploads\/2021\/02\/IMG-20210213-WA0014-768x511.jpg 768w, https:\/\/diariodigitalmx.com\/wp-content\/uploads\/2021\/02\/IMG-20210213-WA0014.jpg 1280w\" sizes=\"(max-width: 1024px) 100vw, 1024px\" \/><\/figure>\n\n\n\n<p>La lista de los candidatos qued\u00f3 conformada de la forma siguiente: <\/p>\n\n\n\n<p>Diputaciones locales<br> Distrito 9 Ana Laura Ortiz <br> Distrito 18 Adri\u00e1n Garza<br> Distrito 19 Mayra Hern\u00e1ndez <br> Distrito 20 Julio Ram\u00edrez <br> Distrito 21 Mar\u00eda de la Luz Valadez <br> Distrito 23 Eduardo de la Garza<\/p>\n\n\n\n<p>Alcald\u00edas <br> El Carmen, vAdriana Elizondo<br> Ci\u00e9nega de Flores, Elma Pe\u00f1a Leal <br> General Zuazua, Jorge Mart\u00ednez <br> Salinas Victoria, Heliodoro Trevi\u00f1o <\/p>\n\n\n\n<p>Finalmente, expresaron que van unidos y fueres para ganarse la confianza de la ciudadan\u00eda en las urnas y se declararon listos para este proceso electoral en la entidad.<\/p>\n","protected":false},"excerpt":{"rendered":"<p>Walter Elizondo Monterrey, NL.- El Partido de la Revoluci\u00f3n Democr\u00e1tica present\u00f3 a sus candidatos para Alcald\u00edas y diputaciones locales que participar\u00e1n dentro de la coalici\u00f3n \u201cVa Fuerte por Nuevo Le\u00f3n\u201d El consejero nacional An\u00edbal Garza, acompa\u00f1ado por Sylvia Elizondo, Presidente del PRD y Heriberto Trevi\u00f1o, Dirigente del PRI encabezaron el evento de presentaci\u00f3n en la [&hellip;]<\/p>\n","protected":false},"author":1,"featured_media":48817,"comment_status":"open","ping_status":"open","sticky":true,"template":"","format":"standard","meta":{"footnotes":""},"categories":[6,5],"tags":[],"_links":{"self":[{"href":"https:\/\/diariodigitalmx.com\/index.php\/wp-json\/wp\/v2\/posts\/48812"}],"collection":[{"href":"https:\/\/diariodigitalmx.com\/index.php\/wp-json\/wp\/v2\/posts"}],"about":[{"href":"https:\/\/diariodigitalmx.com\/index.php\/wp-json\/wp\/v2\/types\/post"}],"author":[{"embeddable":true,"href":"https:\/\/diariodigitalmx.com\/index.php\/wp-json\/wp\/v2\/users\/1"}],"replies":[{"embeddable":true,"href":"https:\/\/diariodigitalmx.com\/index.php\/wp-json\/wp\/v2\/comments?post=48812"}],"version-history":[{"count":4,"href":"https:\/\/diariodigitalmx.com\/index.php\/wp-json\/wp\/v2\/posts\/48812\/revisions"}],"predecessor-version":[{"id":48821,"href":"https:\/\/diariodigitalmx.com\/index.php\/wp-json\/wp\/v2\/posts\/48812\/revisions\/48821"}],"wp:featuredmedia":[{"embeddable":true,"href":"https:\/\/diariodigitalmx.com\/index.php\/wp-json\/wp\/v2\/media\/48817"}],"wp:attachment":[{"href":"https:\/\/diariodigitalmx.com\/index.php\/wp-json\/wp\/v2\/media?parent=48812"}],"wp:term":[{"taxonomy":"category","embeddable":true,"href":"https:\/\/diariodigitalmx.com\/index.php\/wp-json\/wp\/v2\/categories?post=48812"},{"taxonomy":"post_tag","embeddable":true,"href":"https:\/\/diariodigitalmx.com\/index.php\/wp-json\/wp\/v2\/tags?post=48812"}],"curies":[{"name":"wp","href":"https:\/\/api.w.org\/{rel}","templated":true}]}}