{"id":48895,"date":"2021-02-14T19:41:11","date_gmt":"2021-02-15T01:41:11","guid":{"rendered":"http:\/\/diariodigitalmx.com\/?p=48895"},"modified":"2021-02-14T19:43:06","modified_gmt":"2021-02-15T01:43:06","slug":"muere-por-covid-el-diputado-local-zeferino-juarez-mata","status":"publish","type":"post","link":"https:\/\/diariodigitalmx.com\/index.php\/2021\/02\/14\/muere-por-covid-el-diputado-local-zeferino-juarez-mata\/","title":{"rendered":"Muere por covid el diputado local Zeferino Ju\u00e1rez Mata"},"content":{"rendered":"\n<p><br><\/p>\n\n\n\n<p>Monterrey &#8211; Luego de varios meses de enfrentar el covid y sus secuelas, muri\u00f3 el diputado local, Zeferino Ju\u00e1rez Mata, de la bancada del PRI. <\/p>\n\n\n\n<p>Hab\u00eda estado tres meses hospitalizado tras contraer el virus y luego de mejorar su salud, fue dado de alta para que se recuperara en su casa.<\/p>\n\n\n\n<p>De acuerdo a informes de la familia y de compa\u00f1eros diputados cercanos cercanos, el deceso se debi\u00f3 por complicaciones derivadas del coronavirus. <\/p>\n\n\n\n<p>El coordinador de la fracci\u00f3n del PT, Asael Sep\u00falveda, confirm\u00f3 la muerte de Ju\u00e1rez Mata.<\/p>\n\n\n\n<p>El legislador inici\u00f3 la actual  Legislatura como integrante del Partido del Trabajo y en 2019 cambi\u00f3 al PRI, solamente a la bancada del tricolor en esas estrategias que han implementado los partidos para contar con m\u00e1s diputados. <\/p>\n\n\n\n<p>Durante toda su vida el diputado particip\u00f3 en la izquierda, en las filas del PT y en los grupos de la organizaci\u00f3n Tierra y Libertad que controla Alberto Abaya Guti\u00e9rrez, el dirigente nacional del partido. <\/p>\n\n\n\n<p>Ju\u00e1rez Mata ten\u00eda 67 a\u00f1os de edad.<\/p>\n","protected":false},"excerpt":{"rendered":"<p>Monterrey &#8211; Luego de varios meses de enfrentar el covid y sus secuelas, muri\u00f3 el diputado local, Zeferino Ju\u00e1rez Mata, de la bancada del PRI. Hab\u00eda estado tres meses hospitalizado tras contraer el virus y luego de mejorar su salud, fue dado de alta para que se recuperara en su casa. De acuerdo a informes [&hellip;]<\/p>\n","protected":false},"author":1,"featured_media":48898,"comment_status":"open","ping_status":"open","sticky":true,"template":"","format":"standard","meta":{"footnotes":""},"categories":[6,5],"tags":[],"_links":{"self":[{"href":"https:\/\/diariodigitalmx.com\/index.php\/wp-json\/wp\/v2\/posts\/48895"}],"collection":[{"href":"https:\/\/diariodigitalmx.com\/index.php\/wp-json\/wp\/v2\/posts"}],"about":[{"href":"https:\/\/diariodigitalmx.com\/index.php\/wp-json\/wp\/v2\/types\/post"}],"author":[{"embeddable":true,"href":"https:\/\/diariodigitalmx.com\/index.php\/wp-json\/wp\/v2\/users\/1"}],"replies":[{"embeddable":true,"href":"https:\/\/diariodigitalmx.com\/index.php\/wp-json\/wp\/v2\/comments?post=48895"}],"version-history":[{"count":1,"href":"https:\/\/diariodigitalmx.com\/index.php\/wp-json\/wp\/v2\/posts\/48895\/revisions"}],"predecessor-version":[{"id":48896,"href":"https:\/\/diariodigitalmx.com\/index.php\/wp-json\/wp\/v2\/posts\/48895\/revisions\/48896"}],"wp:featuredmedia":[{"embeddable":true,"href":"https:\/\/diariodigitalmx.com\/index.php\/wp-json\/wp\/v2\/media\/48898"}],"wp:attachment":[{"href":"https:\/\/diariodigitalmx.com\/index.php\/wp-json\/wp\/v2\/media?parent=48895"}],"wp:term":[{"taxonomy":"category","embeddable":true,"href":"https:\/\/diariodigitalmx.com\/index.php\/wp-json\/wp\/v2\/categories?post=48895"},{"taxonomy":"post_tag","embeddable":true,"href":"https:\/\/diariodigitalmx.com\/index.php\/wp-json\/wp\/v2\/tags?post=48895"}],"curies":[{"name":"wp","href":"https:\/\/api.w.org\/{rel}","templated":true}]}}