{"id":48910,"date":"2021-02-14T20:35:57","date_gmt":"2021-02-15T02:35:57","guid":{"rendered":"http:\/\/diariodigitalmx.com\/?p=48910"},"modified":"2021-02-14T20:39:22","modified_gmt":"2021-02-15T02:39:22","slug":"48910","status":"publish","type":"post","link":"https:\/\/diariodigitalmx.com\/index.php\/2021\/02\/14\/48910\/","title":{"rendered":"Biden pide leyes m\u00e1s estrictas para regular armas de fuego"},"content":{"rendered":"\n<p><br><\/p>\n\n\n\n<p><strong>*Durante aniversario luctuoso de tragedia de Parkland<\/strong><\/p>\n\n\n\n<p><strong>Por Rogelio Romero<\/strong><\/p>\n\n\n\n<p><strong>Estados Unidos.- El presidente, Joe Biden, pidi\u00f3 al congreso estadounidense una legislaci\u00f3n m\u00e1s estricta para regular el uso de&nbsp; armas de fuego entre civiles, esto durante el tercer aniversario luctuoso de la tr\u00e1gica balacera ocurrida en la preparatoria Marjory Stoneman Douglas, donde perdieron la vida 14 estudiantes y tres trabajadores a manos de un tirador, en la comunidad de Parkland en Florida.<\/strong><\/p>\n\n\n\n<p><strong>Biden se\u00f1al\u00f3 durante el evento que se requieren de mayores revisiones de antecedentes de las personas que solicitan comprar un arma de fuego, asi como que sean excluidos de las ventas a civiles, los rifles de asalto.<\/strong><\/p>\n\n\n\n<p><strong>\u201cEl tiempo para actuar es ahora, se lo debemos a todos aquellos que hemos perdido y a todos los que se han quedado en el camino lamentando las p\u00e9rdidas humanas sufridas, y que piden un cambio\u201d dijo el presidente.<\/strong><\/p>\n\n\n\n<p><strong>Respecto a la tragedia sucedida el 14 de febrero del 2018 el presidente se\u00f1al\u00f3 \u201cEn segundos la vida de decenas de familias y una comunidad estadounidense cambiaron para siempre\u201d<\/strong><\/p>\n\n\n\n<p><strong>Ese tr\u00e1gico d\u00eda el ex estudiante de la preparatoria, Nikolas Cruz, utiliz\u00f3 un rifle semiautom\u00e1tico AR-15 y abri\u00f3 fuego dentro de la escuela contra 31 personas, asesinando a 14 estudiantes y 3 empleados, mientras otros 14 resultaron lesionados.<\/strong><\/p>\n\n\n\n<p><strong>Por su parte el gobernador de Florida, Ron &nbsp;DeSantis orden\u00f3 que la bandera nacional hondeara a media asta en se\u00f1al de duelo, ante el recuerdo de la tragedia.<\/strong><\/p>\n\n\n\n<p><\/p>\n","protected":false},"excerpt":{"rendered":"<p>*Durante aniversario luctuoso de tragedia de Parkland Por Rogelio Romero Estados Unidos.- El presidente, Joe Biden, pidi\u00f3 al congreso estadounidense una legislaci\u00f3n m\u00e1s estricta para regular el uso de&nbsp; armas de fuego entre civiles, esto durante el tercer aniversario luctuoso de la tr\u00e1gica balacera ocurrida en la preparatoria Marjory Stoneman Douglas, donde perdieron la vida [&hellip;]<\/p>\n","protected":false},"author":1,"featured_media":48917,"comment_status":"open","ping_status":"open","sticky":true,"template":"","format":"standard","meta":{"footnotes":""},"categories":[4],"tags":[],"_links":{"self":[{"href":"https:\/\/diariodigitalmx.com\/index.php\/wp-json\/wp\/v2\/posts\/48910"}],"collection":[{"href":"https:\/\/diariodigitalmx.com\/index.php\/wp-json\/wp\/v2\/posts"}],"about":[{"href":"https:\/\/diariodigitalmx.com\/index.php\/wp-json\/wp\/v2\/types\/post"}],"author":[{"embeddable":true,"href":"https:\/\/diariodigitalmx.com\/index.php\/wp-json\/wp\/v2\/users\/1"}],"replies":[{"embeddable":true,"href":"https:\/\/diariodigitalmx.com\/index.php\/wp-json\/wp\/v2\/comments?post=48910"}],"version-history":[{"count":4,"href":"https:\/\/diariodigitalmx.com\/index.php\/wp-json\/wp\/v2\/posts\/48910\/revisions"}],"predecessor-version":[{"id":48918,"href":"https:\/\/diariodigitalmx.com\/index.php\/wp-json\/wp\/v2\/posts\/48910\/revisions\/48918"}],"wp:featuredmedia":[{"embeddable":true,"href":"https:\/\/diariodigitalmx.com\/index.php\/wp-json\/wp\/v2\/media\/48917"}],"wp:attachment":[{"href":"https:\/\/diariodigitalmx.com\/index.php\/wp-json\/wp\/v2\/media?parent=48910"}],"wp:term":[{"taxonomy":"category","embeddable":true,"href":"https:\/\/diariodigitalmx.com\/index.php\/wp-json\/wp\/v2\/categories?post=48910"},{"taxonomy":"post_tag","embeddable":true,"href":"https:\/\/diariodigitalmx.com\/index.php\/wp-json\/wp\/v2\/tags?post=48910"}],"curies":[{"name":"wp","href":"https:\/\/api.w.org\/{rel}","templated":true}]}}