{"id":4907,"date":"2019-05-28T15:51:40","date_gmt":"2019-05-28T20:51:40","guid":{"rendered":"http:\/\/diariodigitalmx.com\/?p=4907"},"modified":"2019-10-18T17:35:30","modified_gmt":"2019-10-18T22:35:30","slug":"detienen-en-espana-a-alonso-ancira-de-altos-hornos-hay-orden-de-aprehension-contra-lozoya","status":"publish","type":"post","link":"https:\/\/diariodigitalmx.com\/index.php\/2019\/05\/28\/detienen-en-espana-a-alonso-ancira-de-altos-hornos-hay-orden-de-aprehension-contra-lozoya\/","title":{"rendered":"Detienen en Espa\u00f1a a Alonso Ancira, de Altos Hornos; hay orden de aprehensi\u00f3n contra Lozoya"},"content":{"rendered":"\n<p>*La Unidad de Inteligencia Financiera (UIF) bloque\u00f3 el lunes las cuentas bancarias de Lozoya Austin porque encontraron operaciones con recursos que presuntamente no proceden de actividades l\u00edcitas<\/p>\n\n\n\n<p><\/p>\n\n\n\n<p>Un juez federal gir\u00f3 \u00f3rdenes de aprehensi\u00f3n en contra del exdirector de Petr\u00f3leos Mexicanos (Pemex), Emilio Lozoya y un directivo de Altos Hornos de M\u00e9xico que fue detenido en Espa\u00f1a, &nbsp;de acuerdo con fuentes de la Fiscal\u00eda General de la Rep\u00fablica consultadas por la agencia gubernamental Notimex.<br><\/p>\n\n\n\n<p>Ese alto directivo ser\u00eda el due\u00f1o de la empresa Alonso Ancira Elizondo quien fue detenido en Mallorca, Espa\u00f1a, seg\u00fan la informaci\u00f3n.<br><\/p>\n\n\n\n<p>El lunes la Unidad de Inteligencia Financiera (UIF) bloque\u00f3 las cuentas bancarias de Lozoya Austin, porque encontraron en el sistema financiero nacional e internacional operaciones con recursos que presuntamente no proceden de actividades l\u00edcitas.<br><\/p>\n\n\n\n<p>\u201cLa Secretar\u00eda de Hacienda y Cr\u00e9dito P\u00fablico (SHCP), a trav\u00e9s de la UIF, incluy\u00f3 en la Lista de Personas Bloqueadas al exdirector de Pemex, Emilio Lozoya Austin, y a la persona moral Altos Hornos de M\u00e9xico&#8221;, se\u00f1ala el comunicado conjunto.<br><\/p>\n\n\n\n<p>Afirmaron que se identific\u00f3 en el sistema financiero nacional e internacional la realizaci\u00f3n de varias operaciones con recursos que presuntamente no proceden de actividades l\u00edcitas, mismos que pueden derivarse de actos de corrupci\u00f3n.<\/p>\n\n\n\n<p><\/p>\n\n\n\n<p><\/p>\n","protected":false},"excerpt":{"rendered":"<p>*La Unidad de Inteligencia Financiera (UIF) bloque\u00f3 el lunes las cuentas bancarias de Lozoya Austin porque encontraron operaciones con recursos que presuntamente no proceden de actividades l\u00edcitas Un juez federal gir\u00f3 \u00f3rdenes de aprehensi\u00f3n en contra del exdirector de Petr\u00f3leos Mexicanos (Pemex), Emilio Lozoya y un directivo de Altos Hornos de M\u00e9xico que fue detenido [&hellip;]<\/p>\n","protected":false},"author":1,"featured_media":4909,"comment_status":"open","ping_status":"open","sticky":false,"template":"","format":"standard","meta":{"footnotes":""},"categories":[2],"tags":[],"_links":{"self":[{"href":"https:\/\/diariodigitalmx.com\/index.php\/wp-json\/wp\/v2\/posts\/4907"}],"collection":[{"href":"https:\/\/diariodigitalmx.com\/index.php\/wp-json\/wp\/v2\/posts"}],"about":[{"href":"https:\/\/diariodigitalmx.com\/index.php\/wp-json\/wp\/v2\/types\/post"}],"author":[{"embeddable":true,"href":"https:\/\/diariodigitalmx.com\/index.php\/wp-json\/wp\/v2\/users\/1"}],"replies":[{"embeddable":true,"href":"https:\/\/diariodigitalmx.com\/index.php\/wp-json\/wp\/v2\/comments?post=4907"}],"version-history":[{"count":1,"href":"https:\/\/diariodigitalmx.com\/index.php\/wp-json\/wp\/v2\/posts\/4907\/revisions"}],"predecessor-version":[{"id":4908,"href":"https:\/\/diariodigitalmx.com\/index.php\/wp-json\/wp\/v2\/posts\/4907\/revisions\/4908"}],"wp:featuredmedia":[{"embeddable":true,"href":"https:\/\/diariodigitalmx.com\/index.php\/wp-json\/wp\/v2\/media\/4909"}],"wp:attachment":[{"href":"https:\/\/diariodigitalmx.com\/index.php\/wp-json\/wp\/v2\/media?parent=4907"}],"wp:term":[{"taxonomy":"category","embeddable":true,"href":"https:\/\/diariodigitalmx.com\/index.php\/wp-json\/wp\/v2\/categories?post=4907"},{"taxonomy":"post_tag","embeddable":true,"href":"https:\/\/diariodigitalmx.com\/index.php\/wp-json\/wp\/v2\/tags?post=4907"}],"curies":[{"name":"wp","href":"https:\/\/api.w.org\/{rel}","templated":true}]}}