{"id":4916,"date":"2019-05-28T17:13:03","date_gmt":"2019-05-28T22:13:03","guid":{"rendered":"http:\/\/diariodigitalmx.com\/?p=4916"},"modified":"2019-05-28T17:13:04","modified_gmt":"2019-05-28T22:13:04","slug":"denuncian-a-drags-queen-corrompen-a-menores-y-facilitan-trastornos-sexuales-dicen","status":"publish","type":"post","link":"https:\/\/diariodigitalmx.com\/index.php\/2019\/05\/28\/denuncian-a-drags-queen-corrompen-a-menores-y-facilitan-trastornos-sexuales-dicen\/","title":{"rendered":"Denuncian a Drags Queen; corrompen a menores y facilitan trastornos sexuales, dicen"},"content":{"rendered":"\n<p>&nbsp;Integrantes de \u201cFamilias Fuertes Unidas por Nuevo Le\u00f3n\u201d presentaron ante el Centro de Justicia Familiar, una denuncia por corrupci\u00f3n de menores contra quien resulte responsable por la acci\u00f3n de integrantes del grupo llamado Drag Queen LGTB ( homosexuales\/ travestis) que, aseguran, impactaron a ni\u00f1os y ni\u00f1as con contenidos de ideolog\u00eda de g\u00e9nero con la lectura de cuentos y exhortaci\u00f3n de indefinici\u00f3n y alternativa de cambio de g\u00e9nero.<\/p>\n\n\n\n<p>El citado evento se realiz\u00f3 el 18 de mayo en el lugar denominado Casa Naranjos del ITESM, seg\u00fan Juan Manuel Alvarado dirigente del grupo demandante quien estuvo acompa\u00f1ado por l\u00edderes ciudadanos, representantes de ONGS y ACs.<\/p>\n\n\n\n<p>&nbsp;\u201cDichas conductas practicadas en el mencionado evento encuadran en el tipo penal de la probable comisi\u00f3n del delito de corrupci\u00f3n de menores al procurar y facilitar trastornos sexuales en contra de la infancia facilitando y procurando la depravaci\u00f3n\u201d.<\/p>\n\n\n\n<p>Acus\u00f3 en la denuncia que se adoctrina y ense\u00f1a ideolog\u00edas que derivan en comportamientos que vulneran el inter\u00e9s superior de menor y que derivan en incitaci\u00f3n y consumaci\u00f3n de actos de depravaci\u00f3n en contra de los infantes que establece el art\u00edculo 196 Fracci\u00f3n I y II del C\u00f3digo Penal en nuevo Le\u00f3n.<\/p>\n\n\n\n<p>En el marco de la conmemoraci\u00f3n del D\u00eda Internacional de Lucha contra la Homofobia, Lesbofobia, Transfobia y Bifobia, el Tecnol\u00f3gico de Monterrey organiz\u00f3 un evento en el que un grupo de drag queens narr\u00f3 cuentos infantiles a ni\u00f1as y ni\u00f1os en un esfuerzo por promover la inclusi\u00f3n y derribar los estereotipos de g\u00e9nero.<\/p>\n\n\n\n<p>El evento se llev\u00f3 a cabo en el campus de Nuevo Le\u00f3n y recibi\u00f3 el nombre&nbsp;Drag Queen Story Hour. Se trata de la r\u00e9plica de una iniciativa que se realiza desde hace tiempo en diferentes ciudades de Estados Unidos.<\/p>\n\n\n\n<p>La actividad, &nbsp;ten\u00eda por meta que los ni\u00f1os de 4 a 10 a\u00f1os sean conscientes de la diversidad que existe en la sociedad, fue impulsada en por AIRE, una organizaci\u00f3n que defiende los derechos de las personas LGBT, en el marco \u201cDistritoTec\u201d, el evento organizado por la universidad para conmemorar la lucha contra la homofobia.<\/p>\n\n\n\n<p>Se cont\u00f3 con la participaci\u00f3n de varios ni\u00f1as y ni\u00f1os y, un grupo de conservadores, homof\u00f3bicos y religiosos mostraron su rechazo y se pronunciaron en contra de este tipo de eventos, incluso calificaron la iniciativa como una forma de adoctrinamiento para las y los ni\u00f1os.<\/p>\n\n\n\n<p>\u201cLamentable c\u00f3mo quieren da\u00f1ar la mente de los ni\u00f1os con ideolog\u00eda de g\u00e9nero. Aqu\u00ed en Nuevo Le\u00f3n no lo vamos a permitir\u201d, se\u00f1al\u00f3 el diputado por morena Carlos Leal, quien es conocido por sus posiciones en contra de los derechos de las personas LGBT.<\/p>\n\n\n\n<p>Posteriormente el mismo grupo en el paseo peatonal comercial Morelos en donde realiz\u00f3 la misma actividad que fue denunciada por \u201cFamilias Unidas Fuertes por Nuevo Le\u00f3n\u201d.<\/p>\n\n\n\n<figure class=\"wp-block-image\"><img loading=\"lazy\" decoding=\"async\" width=\"725\" height=\"526\" src=\"http:\/\/diariodigitalmx.com\/wp-content\/uploads\/2019\/05\/IMG-20190527-WA0005.jpg\" alt=\"\" class=\"wp-image-4920\" srcset=\"https:\/\/diariodigitalmx.com\/wp-content\/uploads\/2019\/05\/IMG-20190527-WA0005.jpg 725w, https:\/\/diariodigitalmx.com\/wp-content\/uploads\/2019\/05\/IMG-20190527-WA0005-300x218.jpg 300w\" sizes=\"(max-width: 725px) 100vw, 725px\" \/><\/figure>\n","protected":false},"excerpt":{"rendered":"<p>&nbsp;Integrantes de \u201cFamilias Fuertes Unidas por Nuevo Le\u00f3n\u201d presentaron ante el Centro de Justicia Familiar, una denuncia por corrupci\u00f3n de menores contra quien resulte responsable por la acci\u00f3n de integrantes del grupo llamado Drag Queen LGTB ( homosexuales\/ travestis) que, aseguran, impactaron a ni\u00f1os y ni\u00f1as con contenidos de ideolog\u00eda de g\u00e9nero con la lectura [&hellip;]<\/p>\n","protected":false},"author":1,"featured_media":4919,"comment_status":"open","ping_status":"open","sticky":false,"template":"","format":"standard","meta":{"footnotes":""},"categories":[6,5],"tags":[],"_links":{"self":[{"href":"https:\/\/diariodigitalmx.com\/index.php\/wp-json\/wp\/v2\/posts\/4916"}],"collection":[{"href":"https:\/\/diariodigitalmx.com\/index.php\/wp-json\/wp\/v2\/posts"}],"about":[{"href":"https:\/\/diariodigitalmx.com\/index.php\/wp-json\/wp\/v2\/types\/post"}],"author":[{"embeddable":true,"href":"https:\/\/diariodigitalmx.com\/index.php\/wp-json\/wp\/v2\/users\/1"}],"replies":[{"embeddable":true,"href":"https:\/\/diariodigitalmx.com\/index.php\/wp-json\/wp\/v2\/comments?post=4916"}],"version-history":[{"count":2,"href":"https:\/\/diariodigitalmx.com\/index.php\/wp-json\/wp\/v2\/posts\/4916\/revisions"}],"predecessor-version":[{"id":4921,"href":"https:\/\/diariodigitalmx.com\/index.php\/wp-json\/wp\/v2\/posts\/4916\/revisions\/4921"}],"wp:featuredmedia":[{"embeddable":true,"href":"https:\/\/diariodigitalmx.com\/index.php\/wp-json\/wp\/v2\/media\/4919"}],"wp:attachment":[{"href":"https:\/\/diariodigitalmx.com\/index.php\/wp-json\/wp\/v2\/media?parent=4916"}],"wp:term":[{"taxonomy":"category","embeddable":true,"href":"https:\/\/diariodigitalmx.com\/index.php\/wp-json\/wp\/v2\/categories?post=4916"},{"taxonomy":"post_tag","embeddable":true,"href":"https:\/\/diariodigitalmx.com\/index.php\/wp-json\/wp\/v2\/tags?post=4916"}],"curies":[{"name":"wp","href":"https:\/\/api.w.org\/{rel}","templated":true}]}}