{"id":4963,"date":"2019-05-29T18:02:40","date_gmt":"2019-05-29T23:02:40","guid":{"rendered":"http:\/\/diariodigitalmx.com\/?p=4963"},"modified":"2019-10-18T17:33:04","modified_gmt":"2019-10-18T22:33:04","slug":"a-la-venta-casa-del-crimen-de-aramberri-incluye-fantasmas","status":"publish","type":"post","link":"https:\/\/diariodigitalmx.com\/index.php\/2019\/05\/29\/a-la-venta-casa-del-crimen-de-aramberri-incluye-fantasmas\/","title":{"rendered":"A la venta casa del crimen de Aramberri; incluye fantasmas"},"content":{"rendered":"\n<p>Arnulfo Vigil<\/p>\n\n\n\n<p>Hace 86 a\u00f1os se cometi\u00f3 un atroz crimen en sus habitaciones; dos mujeres fueron asesinadas y desde entonces estuvo deshabitada pues dicen hay fantasmas. Hoy se vende en tres millones de pesos la casa del crimen de la calle Aramberri.<\/p>\n\n\n\n<p>El 5 de abril de 1933 el centro de Monterrey de apenas 120 mil habitantes, se cimbr\u00f3 con el crimen espeluznante de Florinda Montemayor Lozano de 21 a\u00f1os de edad y de su madre Antonia Lozano de Montemayor.<\/p>\n\n\n\n<p>La casa con el n\u00famero 1026 ha sido objeto de leyenda, de apariciones, de ruidos y hasta sus derruidos interiores llegaron estudiosos del fen\u00f3meno paranormal. De pronto, el frente fue tapado y todo qued\u00f3 en quietud desde hace menos de una d\u00e9cada.<\/p>\n\n\n\n<p>A las seis de la ma\u00f1ana del&nbsp;cinco de abril de 1933, la noticia estremeci\u00f3 a la sociedad: Antonia Lozano y Florencia Montemayor,&nbsp;madre e hija hab\u00edan sido atacadas y brutalmente asesinadas en su propia casa, al parecer por un familiar que se hizo acompa\u00f1ar de dos carniceros c\u00f3mplices. Gabriel Villarreal sobrino del matrimonio, Emeterio Gonz\u00e1lez y dos individuos m\u00e1s ingresaron a la vivienda, asesinaron a las damas y robaron 3 mil pesos en joyas de oro y plata que Delfino Montemayor guardaba como parte de su herencia.&nbsp;El hombre hab\u00eda salido temprano a trabajar a la cercana Fundidora de Fierro y Acero.<br><br>Seg\u00fan la leyenda, que ha sido documentada en varios libros, un perico fue pieza clave para descubrir que hab\u00eda sido el propio sobrino de una de las v\u00edctimas, quien en complicidad con dos carniceros y un chofer cometieron el crimen y mutilaron a las mujeres perfectamente.<\/p>\n\n\n\n<p>&#8220;Se supone que este acontecimiento cimbr\u00f3 a la sociedad regiomontana de 1933, que no estaba acostumbrada todav\u00eda a saber o ver este tipo problemas relacionadas con la violencia, que ya exist\u00edan pero no estaban tan difundidas&#8221;, refiere el historiador Antonio Guerrero Aguilar.<br><br>El primero que abord\u00f3 de manera literaria el caso fue Eusebio de la Cueva (Cerralvo, 1893 &#8211; Monterrey, 1943), incluyendo relatos de la \u00e9poca. Despu\u00e9s llegar\u00eda El Crimen de la casa de Aramberri, de Hugo Vald\u00e9s Manr\u00edquez, convirti\u00e9ndose en una de las novelas m\u00e1s vendidas en Nuevo Le\u00f3n.<br><br>&#8220;El Monterrey de 120 mil habitantes era muy cerrada y muy conservadora; la ley fuga que se les aplic\u00f3 a los asesinos fue una respuesta de la propia sociedad, luego sus cuerpos fueron exhibidos&#8221;, comenta Guerrero Aguilar.<br><br><\/p>\n\n\n\n<p>La propiedad que tiene 253 metros cuadrados de terreno est\u00e1 ubicada en Aramberri entre Doblado y Diego de Montemayor en el primer cuadro de la ciudad.<\/p>\n\n\n\n<p>&#8220;La construcci\u00f3n ya est\u00e1 muy da\u00f1ada tiene las paredes y vigas pero ya no tiene techo&#8221;, se explic\u00f3 en el tel\u00e9fono proporcionado para conocer la informaci\u00f3n.<\/p>\n\n\n\n<p>La construcci\u00f3n abarca 131 metros cuadrados, el ancho de la fachada es de 9.69 metros por de 26.15 de fondo.<\/p>\n\n\n\n<p>Testigos aseguran que por las noches se ven sombras y se escuchan lamentos.&nbsp;<\/p>\n\n\n\n<ul class=\"wp-block-gallery columns-2 is-cropped wp-block-gallery-1 is-layout-flex wp-block-gallery-is-layout-flex\"><li class=\"blocks-gallery-item\"><figure><img loading=\"lazy\" decoding=\"async\" width=\"197\" height=\"284\" src=\"http:\/\/diariodigitalmx.com\/wp-content\/uploads\/2019\/05\/Libro.jpg\" alt=\"\" data-id=\"4966\" data-link=\"http:\/\/diariodigitalmx.com\/?attachment_id=4966\" class=\"wp-image-4966\"\/><\/figure><\/li><li class=\"blocks-gallery-item\"><figure><img loading=\"lazy\" decoding=\"async\" width=\"190\" height=\"265\" src=\"http:\/\/diariodigitalmx.com\/wp-content\/uploads\/2019\/05\/1559170796294_Periodico.jpeg\" alt=\"\" data-id=\"4967\" data-link=\"http:\/\/diariodigitalmx.com\/?attachment_id=4967\" class=\"wp-image-4967\"\/><\/figure><\/li><\/ul>\n","protected":false},"excerpt":{"rendered":"<p>Arnulfo Vigil Hace 86 a\u00f1os se cometi\u00f3 un atroz crimen en sus habitaciones; dos mujeres fueron asesinadas y desde entonces estuvo deshabitada pues dicen hay fantasmas. Hoy se vende en tres millones de pesos la casa del crimen de la calle Aramberri. El 5 de abril de 1933 el centro de Monterrey de apenas 120 [&hellip;]<\/p>\n","protected":false},"author":1,"featured_media":4965,"comment_status":"open","ping_status":"open","sticky":true,"template":"","format":"standard","meta":{"footnotes":""},"categories":[6],"tags":[],"_links":{"self":[{"href":"https:\/\/diariodigitalmx.com\/index.php\/wp-json\/wp\/v2\/posts\/4963"}],"collection":[{"href":"https:\/\/diariodigitalmx.com\/index.php\/wp-json\/wp\/v2\/posts"}],"about":[{"href":"https:\/\/diariodigitalmx.com\/index.php\/wp-json\/wp\/v2\/types\/post"}],"author":[{"embeddable":true,"href":"https:\/\/diariodigitalmx.com\/index.php\/wp-json\/wp\/v2\/users\/1"}],"replies":[{"embeddable":true,"href":"https:\/\/diariodigitalmx.com\/index.php\/wp-json\/wp\/v2\/comments?post=4963"}],"version-history":[{"count":3,"href":"https:\/\/diariodigitalmx.com\/index.php\/wp-json\/wp\/v2\/posts\/4963\/revisions"}],"predecessor-version":[{"id":4969,"href":"https:\/\/diariodigitalmx.com\/index.php\/wp-json\/wp\/v2\/posts\/4963\/revisions\/4969"}],"wp:featuredmedia":[{"embeddable":true,"href":"https:\/\/diariodigitalmx.com\/index.php\/wp-json\/wp\/v2\/media\/4965"}],"wp:attachment":[{"href":"https:\/\/diariodigitalmx.com\/index.php\/wp-json\/wp\/v2\/media?parent=4963"}],"wp:term":[{"taxonomy":"category","embeddable":true,"href":"https:\/\/diariodigitalmx.com\/index.php\/wp-json\/wp\/v2\/categories?post=4963"},{"taxonomy":"post_tag","embeddable":true,"href":"https:\/\/diariodigitalmx.com\/index.php\/wp-json\/wp\/v2\/tags?post=4963"}],"curies":[{"name":"wp","href":"https:\/\/api.w.org\/{rel}","templated":true}]}}