{"id":4972,"date":"2019-05-29T19:40:29","date_gmt":"2019-05-30T00:40:29","guid":{"rendered":"http:\/\/diariodigitalmx.com\/?p=4972"},"modified":"2019-10-18T17:32:43","modified_gmt":"2019-10-18T22:32:43","slug":"balon-dividido-la-exposicion-en-la-que-apodaca-rememora-el-futbol","status":"publish","type":"post","link":"https:\/\/diariodigitalmx.com\/index.php\/2019\/05\/29\/balon-dividido-la-exposicion-en-la-que-apodaca-rememora-el-futbol\/","title":{"rendered":"&#8220;Bal\u00f3n Dividido&#8221;, la exposici\u00f3n en la que Apodaca rememora el f\u00fatbol"},"content":{"rendered":"\n<p><\/p>\n\n\n\n<p>El gobierno municipal de Apodaca abrir\u00e1 las puertas al futbol, con la exposici\u00f3n temporal \u201cBal\u00f3n Dividido: el f\u00fatbol m\u00e1s all\u00e1 de las patadas\u201d, para rememorar y reflexionar sobre aspectos que rodean el bal\u00f3n pi\u00e9.<\/p>\n\n\n\n<p>A trav\u00e9s de la secretar\u00eda de Desarrollo Social y Deportes, la direcci\u00f3n de Cultura y la colecci\u00f3n privada \u00c9pica Museo F\u00fatbol, ser\u00e1n exhibidas m\u00e1s de 70 objetos de la colecci\u00f3n particular entre camisetas usadas en juego por diversos jugadores nacionales e internacionales como Pel\u00e9, Maradona, Lionel Messi, Jorge Campos, Andr\u00e9 Pierre Gignac, Magdaleno Cano entre otros.<\/p>\n\n\n\n<p>El Alcalde C\u00e9sar Garza Villarreal, inaugurar\u00e1 la muestra temporal en el Museo Casa de la Cultura Profesor Mois\u00e9s S\u00e1enz, ubicado en Padre Mier esquina con Garza Garc\u00eda, y se contar\u00e1 con la presencia de exjugadores profesionales como Ignacio \u201cEl Gallo\u201d J\u00e1uregui, Francisco Avil\u00e1n, Enrique \u201cEl Negro\u201d Esquivel,&nbsp; Juan Manuel \u201cEl Abuelo\u201d Azuara, Magdaleno Cano, Aar\u00f3n Gamal Aguirre, Hugo S\u00e1nchez y Carlos Simental.<\/p>\n\n\n\n<p>La directora de Cultura a cargo de Mar\u00eda Jos\u00e9 P\u00e9rez Fr\u00edas, inform\u00f3 que las piezas que ser\u00e1n exhibidas del 31 de mayo al 31 de agosto se invita a los ciudadanos a rememorar y reflexionar sobre algunos de los muchos aspectos que rodean al futbol, como el juego, la pasi\u00f3n, los \u00eddolos, los jugadores o la afici\u00f3n, y algunos otros que suceden fuera de la cancha.<\/p>\n\n\n\n<p>Los asistentes podr\u00e1n convivir con la mascota oficial del Club Tigres y tomarse foto con la copa de campeonato varonil&nbsp; 2017.<\/p>\n\n\n\n<ul class=\"wp-block-gallery columns-1 is-cropped wp-block-gallery-1 is-layout-flex wp-block-gallery-is-layout-flex\"><li class=\"blocks-gallery-item\"><figure><img loading=\"lazy\" decoding=\"async\" width=\"1024\" height=\"681\" src=\"http:\/\/diariodigitalmx.com\/wp-content\/uploads\/2019\/05\/DSC_0095-1024x681.jpg\" alt=\"\" data-id=\"4975\" data-link=\"http:\/\/diariodigitalmx.com\/?attachment_id=4975\" class=\"wp-image-4975\" srcset=\"https:\/\/diariodigitalmx.com\/wp-content\/uploads\/2019\/05\/DSC_0095-1024x681.jpg 1024w, https:\/\/diariodigitalmx.com\/wp-content\/uploads\/2019\/05\/DSC_0095-300x200.jpg 300w, https:\/\/diariodigitalmx.com\/wp-content\/uploads\/2019\/05\/DSC_0095-768x511.jpg 768w, https:\/\/diariodigitalmx.com\/wp-content\/uploads\/2019\/05\/DSC_0095.jpg 1624w\" sizes=\"(max-width: 1024px) 100vw, 1024px\" \/><\/figure><\/li><\/ul>\n","protected":false},"excerpt":{"rendered":"<p>El gobierno municipal de Apodaca abrir\u00e1 las puertas al futbol, con la exposici\u00f3n temporal \u201cBal\u00f3n Dividido: el f\u00fatbol m\u00e1s all\u00e1 de las patadas\u201d, para rememorar y reflexionar sobre aspectos que rodean el bal\u00f3n pi\u00e9. A trav\u00e9s de la secretar\u00eda de Desarrollo Social y Deportes, la direcci\u00f3n de Cultura y la colecci\u00f3n privada \u00c9pica Museo F\u00fatbol, [&hellip;]<\/p>\n","protected":false},"author":1,"featured_media":4974,"comment_status":"open","ping_status":"open","sticky":true,"template":"","format":"standard","meta":{"footnotes":""},"categories":[8],"tags":[],"_links":{"self":[{"href":"https:\/\/diariodigitalmx.com\/index.php\/wp-json\/wp\/v2\/posts\/4972"}],"collection":[{"href":"https:\/\/diariodigitalmx.com\/index.php\/wp-json\/wp\/v2\/posts"}],"about":[{"href":"https:\/\/diariodigitalmx.com\/index.php\/wp-json\/wp\/v2\/types\/post"}],"author":[{"embeddable":true,"href":"https:\/\/diariodigitalmx.com\/index.php\/wp-json\/wp\/v2\/users\/1"}],"replies":[{"embeddable":true,"href":"https:\/\/diariodigitalmx.com\/index.php\/wp-json\/wp\/v2\/comments?post=4972"}],"version-history":[{"count":2,"href":"https:\/\/diariodigitalmx.com\/index.php\/wp-json\/wp\/v2\/posts\/4972\/revisions"}],"predecessor-version":[{"id":4976,"href":"https:\/\/diariodigitalmx.com\/index.php\/wp-json\/wp\/v2\/posts\/4972\/revisions\/4976"}],"wp:featuredmedia":[{"embeddable":true,"href":"https:\/\/diariodigitalmx.com\/index.php\/wp-json\/wp\/v2\/media\/4974"}],"wp:attachment":[{"href":"https:\/\/diariodigitalmx.com\/index.php\/wp-json\/wp\/v2\/media?parent=4972"}],"wp:term":[{"taxonomy":"category","embeddable":true,"href":"https:\/\/diariodigitalmx.com\/index.php\/wp-json\/wp\/v2\/categories?post=4972"},{"taxonomy":"post_tag","embeddable":true,"href":"https:\/\/diariodigitalmx.com\/index.php\/wp-json\/wp\/v2\/tags?post=4972"}],"curies":[{"name":"wp","href":"https:\/\/api.w.org\/{rel}","templated":true}]}}