{"id":499,"date":"2019-02-25T12:15:31","date_gmt":"2019-02-25T18:15:31","guid":{"rendered":"http:\/\/diariodigitalmx.com\/?p=499"},"modified":"2019-02-25T12:15:32","modified_gmt":"2019-02-25T18:15:32","slug":"cuba-mantiene-fama-mundial-por-su-calidad-educativa-serna","status":"publish","type":"post","link":"https:\/\/diariodigitalmx.com\/index.php\/2019\/02\/25\/cuba-mantiene-fama-mundial-por-su-calidad-educativa-serna\/","title":{"rendered":"Cuba mantiene fama mundial por su calidad educativa: Serna"},"content":{"rendered":"\n<p>La Rep\u00fablica de Cuba se mantiene como un destino obligado para el estudio de los m\u00e9todos de educaci\u00f3n y, para tal efecto, cientos de especialistas asistieron al XVI Congreso de Pedagog\u00eda 2019.<\/p>\n\n\n\n<p>El congreso de los educadores se llev\u00f3 a cabo en el teatro Karl Marx, inform\u00f3 el doctor en Literatura, el regiomontano, Juan Antonio Serna Serv\u00edn al comentar que la asistencia fue numerosa toda vez de la fama mundial de la Rep\u00fablica de Cuba en la calidad de la ense\u00f1anza.<\/p>\n\n\n\n<p>Muchos especialistas educadores se interesan en estudiar el m\u00e9todo cubano, de ah\u00ed que hubo oportunidad de exponer y escuchar tesis y propuestas sobre la instrucci\u00f3n escolar en sus distintos \u00e1mbitos y niveles, explic\u00f3 Serna, entrevistado a su regreso de La Habana.<\/p>\n\n\n\n<p>El doctor en Literatura expres\u00f3 que los participantes en el Congreso de Pedagog\u00eda 2019 recibieron constancia de participaci\u00f3n que, por cierto, se distingui\u00f3 por su car\u00e1cter t\u00e9cnico pr\u00e1ctico.<\/p>\n\n\n\n<p>El encuentro internacional tuvo una asistencia de 600 delegados de 42 pa\u00edses. Fue relevante la presencia del Presidente de la Rep\u00fablica de Cuba, Miguel D\u00edaz-Canel y de la Ministra de Educaci\u00f3n, Ena Elsa Vel\u00e1zquez Cobiella.<\/p>\n\n\n\n<p>Por separado, y en informaci\u00f3n divulgada en el peri\u00f3dico Vanguardia de Villa Clara, la ministra de Educaci\u00f3n destac\u00f3 que \u201cla cubana es una educaci\u00f3n inclusiva, con una formaci\u00f3n b\u00e1sica obligatoria y que garantiza la continuidad de estudios al ciento por ciento de los egresados de noveno grado, el acceso a la universidad y al empleo.\u201d<\/p>\n","protected":false},"excerpt":{"rendered":"<p>La Rep\u00fablica de Cuba se mantiene como un destino obligado para el estudio de los m\u00e9todos de educaci\u00f3n y, para tal efecto, cientos de especialistas asistieron al XVI Congreso de Pedagog\u00eda 2019. El congreso de los educadores se llev\u00f3 a cabo en el teatro Karl Marx, inform\u00f3 el doctor en Literatura, el regiomontano, Juan Antonio [&hellip;]<\/p>\n","protected":false},"author":1,"featured_media":500,"comment_status":"open","ping_status":"open","sticky":true,"template":"","format":"standard","meta":{"footnotes":""},"categories":[6],"tags":[],"_links":{"self":[{"href":"https:\/\/diariodigitalmx.com\/index.php\/wp-json\/wp\/v2\/posts\/499"}],"collection":[{"href":"https:\/\/diariodigitalmx.com\/index.php\/wp-json\/wp\/v2\/posts"}],"about":[{"href":"https:\/\/diariodigitalmx.com\/index.php\/wp-json\/wp\/v2\/types\/post"}],"author":[{"embeddable":true,"href":"https:\/\/diariodigitalmx.com\/index.php\/wp-json\/wp\/v2\/users\/1"}],"replies":[{"embeddable":true,"href":"https:\/\/diariodigitalmx.com\/index.php\/wp-json\/wp\/v2\/comments?post=499"}],"version-history":[{"count":1,"href":"https:\/\/diariodigitalmx.com\/index.php\/wp-json\/wp\/v2\/posts\/499\/revisions"}],"predecessor-version":[{"id":501,"href":"https:\/\/diariodigitalmx.com\/index.php\/wp-json\/wp\/v2\/posts\/499\/revisions\/501"}],"wp:featuredmedia":[{"embeddable":true,"href":"https:\/\/diariodigitalmx.com\/index.php\/wp-json\/wp\/v2\/media\/500"}],"wp:attachment":[{"href":"https:\/\/diariodigitalmx.com\/index.php\/wp-json\/wp\/v2\/media?parent=499"}],"wp:term":[{"taxonomy":"category","embeddable":true,"href":"https:\/\/diariodigitalmx.com\/index.php\/wp-json\/wp\/v2\/categories?post=499"},{"taxonomy":"post_tag","embeddable":true,"href":"https:\/\/diariodigitalmx.com\/index.php\/wp-json\/wp\/v2\/tags?post=499"}],"curies":[{"name":"wp","href":"https:\/\/api.w.org\/{rel}","templated":true}]}}