{"id":5007,"date":"2019-05-30T13:05:23","date_gmt":"2019-05-30T18:05:23","guid":{"rendered":"http:\/\/diariodigitalmx.com\/?p=5007"},"modified":"2019-10-19T08:48:35","modified_gmt":"2019-10-19T13:48:35","slug":"conoce-waldo-fernandez-modelo-de-justicia-cosmos-de-queretaro","status":"publish","type":"post","link":"https:\/\/diariodigitalmx.com\/index.php\/2019\/05\/30\/conoce-waldo-fernandez-modelo-de-justicia-cosmos-de-queretaro\/","title":{"rendered":"Conoce Waldo Fern\u00e1ndez modelo de justicia Cosmos, de Quer\u00e9taro"},"content":{"rendered":"\n<p>Waldo Fern\u00e1ndez, Jefe de Gabinete del Gobierno de Nuevo Le\u00f3n, encabez\u00f3 una comitiva para conocer los trabajos de la Comisi\u00f3n para la Evaluaci\u00f3n de la Operaci\u00f3n del Sistema de Justicia Penal Acusatorio del Estado de Quer\u00e9taro, denominada \u201cCosmos\u201d y explorar la forma en c\u00f3mo la experiencia de dicha Comisi\u00f3n puede nutrir el Proyecto Expediente \u00danico implementado por el Gobierno del Estado de Nuevo Le\u00f3n. <\/p>\n\n\n\n<p>\u201cEsta visita surgi\u00f3 por recomendaci\u00f3n del Sistema Nacional de Seguridad P\u00fablica y a partir de ah\u00ed el Consejo Nuevo Le\u00f3n en conjunto con distintas instituciones gubernamentales y expertos de la iniciativa privada aceptamos la invitaci\u00f3n por parte del Gobierno de Quer\u00e9taro para conocer de cerca los trabajos que lleva a cabo la Comisi\u00f3n y c\u00f3mo pueden servirnos para nutrir el Proyecto Expediente \u00danico que estamos implementando en el estado y que permitir\u00e1 el rastreo de informaci\u00f3n en todo el proceso de justicia.\u201d Dijo Waldo Fern\u00e1ndez. <\/p>\n\n\n\n<p>La comitiva encabezada por Waldo Fern\u00e1ndez fue recibida por el Secretario General de Gobierno y Presidente de la Comisi\u00f3n Evaluadora de Capacidades T\u00e9cnicas y \u00c9tica del Profesionista del Derecho, Juan Mart\u00edn Granados Torres, con quien intercambi\u00f3 puntos de vista y experiencias acerca de dicho modelo, que permite darle un mayor seguimiento a quienes cometen delitos patrimoniales desde el inicio del proceso penal hasta su reinserci\u00f3n en la sociedad.<\/p>\n\n\n\n<p>Adem\u00e1s de Waldo Fern\u00e1ndez Gonz\u00e1lez, acudieron en la comitiva Luis A. Gonz\u00e1lez D., Consejo Nuevo Le\u00f3n; Jes\u00fas Franco, Coordinador de Programas Institucionales y Sistemas de Informaci\u00f3n, Secretar\u00eda de Seguridad P\u00fablica; Salvador Mart\u00ednez, Coordinador de Sistemas, Fiscal\u00eda General de Justicia de Nuevo Le\u00f3n; Cinthia Mar\u00edn, Directora de Informaci\u00f3n Estrat\u00e9gica de Secretariado Ejecutivo Nuevo Le\u00f3n y Oswaldo Morales, Coordinador de la Comisi\u00f3n de Seguridad y Justicia de Consejo Nuevo Le\u00f3n.<\/p>\n\n\n\n<ul class=\"wp-block-gallery columns-2 is-cropped wp-block-gallery-1 is-layout-flex wp-block-gallery-is-layout-flex\"><li class=\"blocks-gallery-item\"><figure><img loading=\"lazy\" decoding=\"async\" width=\"1024\" height=\"768\" src=\"http:\/\/diariodigitalmx.com\/wp-content\/uploads\/2019\/05\/IMG-20190530-WA0007-1024x768.jpg\" alt=\"\" data-id=\"5010\" data-link=\"http:\/\/diariodigitalmx.com\/?attachment_id=5010\" class=\"wp-image-5010\" srcset=\"https:\/\/diariodigitalmx.com\/wp-content\/uploads\/2019\/05\/IMG-20190530-WA0007-1024x768.jpg 1024w, https:\/\/diariodigitalmx.com\/wp-content\/uploads\/2019\/05\/IMG-20190530-WA0007-300x225.jpg 300w, https:\/\/diariodigitalmx.com\/wp-content\/uploads\/2019\/05\/IMG-20190530-WA0007-768x576.jpg 768w, https:\/\/diariodigitalmx.com\/wp-content\/uploads\/2019\/05\/IMG-20190530-WA0007.jpg 1280w\" sizes=\"(max-width: 1024px) 100vw, 1024px\" \/><\/figure><\/li><li class=\"blocks-gallery-item\"><figure><img loading=\"lazy\" decoding=\"async\" width=\"1024\" height=\"768\" src=\"http:\/\/diariodigitalmx.com\/wp-content\/uploads\/2019\/05\/IMG-20190530-WA0004-1024x768.jpg\" alt=\"\" data-id=\"5011\" data-link=\"http:\/\/diariodigitalmx.com\/?attachment_id=5011\" class=\"wp-image-5011\" srcset=\"https:\/\/diariodigitalmx.com\/wp-content\/uploads\/2019\/05\/IMG-20190530-WA0004-1024x768.jpg 1024w, https:\/\/diariodigitalmx.com\/wp-content\/uploads\/2019\/05\/IMG-20190530-WA0004-300x225.jpg 300w, https:\/\/diariodigitalmx.com\/wp-content\/uploads\/2019\/05\/IMG-20190530-WA0004-768x576.jpg 768w, https:\/\/diariodigitalmx.com\/wp-content\/uploads\/2019\/05\/IMG-20190530-WA0004.jpg 1280w\" sizes=\"(max-width: 1024px) 100vw, 1024px\" \/><\/figure><\/li><\/ul>\n","protected":false},"excerpt":{"rendered":"<p>Waldo Fern\u00e1ndez, Jefe de Gabinete del Gobierno de Nuevo Le\u00f3n, encabez\u00f3 una comitiva para conocer los trabajos de la Comisi\u00f3n para la Evaluaci\u00f3n de la Operaci\u00f3n del Sistema de Justicia Penal Acusatorio del Estado de Quer\u00e9taro, denominada \u201cCosmos\u201d y explorar la forma en c\u00f3mo la experiencia de dicha Comisi\u00f3n puede nutrir el Proyecto Expediente \u00danico [&hellip;]<\/p>\n","protected":false},"author":1,"featured_media":5009,"comment_status":"open","ping_status":"open","sticky":true,"template":"","format":"standard","meta":{"footnotes":""},"categories":[6],"tags":[],"_links":{"self":[{"href":"https:\/\/diariodigitalmx.com\/index.php\/wp-json\/wp\/v2\/posts\/5007"}],"collection":[{"href":"https:\/\/diariodigitalmx.com\/index.php\/wp-json\/wp\/v2\/posts"}],"about":[{"href":"https:\/\/diariodigitalmx.com\/index.php\/wp-json\/wp\/v2\/types\/post"}],"author":[{"embeddable":true,"href":"https:\/\/diariodigitalmx.com\/index.php\/wp-json\/wp\/v2\/users\/1"}],"replies":[{"embeddable":true,"href":"https:\/\/diariodigitalmx.com\/index.php\/wp-json\/wp\/v2\/comments?post=5007"}],"version-history":[{"count":2,"href":"https:\/\/diariodigitalmx.com\/index.php\/wp-json\/wp\/v2\/posts\/5007\/revisions"}],"predecessor-version":[{"id":5012,"href":"https:\/\/diariodigitalmx.com\/index.php\/wp-json\/wp\/v2\/posts\/5007\/revisions\/5012"}],"wp:featuredmedia":[{"embeddable":true,"href":"https:\/\/diariodigitalmx.com\/index.php\/wp-json\/wp\/v2\/media\/5009"}],"wp:attachment":[{"href":"https:\/\/diariodigitalmx.com\/index.php\/wp-json\/wp\/v2\/media?parent=5007"}],"wp:term":[{"taxonomy":"category","embeddable":true,"href":"https:\/\/diariodigitalmx.com\/index.php\/wp-json\/wp\/v2\/categories?post=5007"},{"taxonomy":"post_tag","embeddable":true,"href":"https:\/\/diariodigitalmx.com\/index.php\/wp-json\/wp\/v2\/tags?post=5007"}],"curies":[{"name":"wp","href":"https:\/\/api.w.org\/{rel}","templated":true}]}}