{"id":5029,"date":"2019-05-30T19:02:03","date_gmt":"2019-05-31T00:02:03","guid":{"rendered":"http:\/\/diariodigitalmx.com\/?p=5029"},"modified":"2019-10-19T08:47:01","modified_gmt":"2019-10-19T13:47:01","slug":"frente-contra-combustible-de-mala-calidad","status":"publish","type":"post","link":"https:\/\/diariodigitalmx.com\/index.php\/2019\/05\/30\/frente-contra-combustible-de-mala-calidad\/","title":{"rendered":"Frente contra combustible de mala calidad"},"content":{"rendered":"\n<p><strong><em> *Las asociaciones civiles y el Senador de la Rep\u00fablica presentaron un segundo amparo en contra de la inacci\u00f3n de la CRE<br><br>*El recurso legal busca obligar a este organismo a que se env\u00ede combustible de buena calidad a Nuevo Le\u00f3n<br><\/em><\/strong><br>Representantes de organizaciones no gubernamentales y el Senador, Samuel Garc\u00eda, presentaron  un amparo en contra&nbsp;de la Comisi\u00f3n Reguladora de Energ\u00eda por enviar gasolinas de mala calidad a la zona metropolitana de Nuevo Le\u00f3n.<\/p>\n\n\n\n<p>El legislador federal de Movimiento Ciudadano explic\u00f3 que la entidad atraviesa una grave contingencia ambiental y a pesar de los&nbsp;m\u00faltiples esfuerzos que se han hecho, la Comisi\u00f3n Reguladora de Energ\u00eda no le presta importancia al tema.<\/p>\n\n\n\n<p>\u201cHubo muchos esfuerzos con la Comisi\u00f3n Reguladora para que, por lo menos, nos igualaran la calidad de gasolina AA que tienen&nbsp;Valle de M\u00e9xico y Guadalajara, hubo mesas de trabajo, no se llego a resoluciones y hasta llegaron a decir que en a\u00f1o y medio\u201d.<\/p>\n\n\n\n<p>En este sentido, dijo Garc\u00eda Sepulveda, consideraron que la v\u00eda del Poder Judicial es la manera de que se obligue a la CRE para que&nbsp;trate a Nuevo Le\u00f3n de forma equitativa al Valle de M\u00e9xico y a Guadalajara, enviando gasolinas de calidad AA y no de la categor\u00eda C,&nbsp;como actualmente sucede.<\/p>\n\n\n\n<p>\u201cEl amparo trae muchos argumentos como discriminaci\u00f3n, violaci\u00f3n al principio de progresividad, violaci\u00f3n al derecho humano a un&nbsp;medio ambiente sano, violaci\u00f3n a salud p\u00fablica decente y estamos alegando tambi\u00e9n omisi\u00f3n en muchas leyes por parte de la&nbsp;autoridad federal y local que deben estar ahorita aplicando para cuidar el medio ambiente\u201d.<\/p>\n\n\n\n<p>Durante la presentaci\u00f3n del amparo, el director del Observatorio Ciudadano de Calidad del Aire, Alfonso Mart\u00ednez, se\u00f1al\u00f3 que con&nbsp;este amparo pretenden \u201cobligar a la Comisi\u00f3n Reguladora de Energ\u00eda a que tengamos la misma gasolina que en Ciudad de&nbsp;M\u00e9xico\u201d.<\/p>\n\n\n\n<p>En el amparo, detall\u00f3 Mart\u00ednez, tambi\u00e9n se incluye \u201cque la definici\u00f3n de \u00e1rea metropolitana incluyera a Cadereyta y Garc\u00eda porque&nbsp;ah\u00ed se puede vender diesel de 500 partes por mill\u00f3n de azufre, lo que impacta mucho al \u00e1rea metropolitana\u201d.<\/p>\n\n\n\n<p>El represente de Reforestaci\u00f3n Extrema, Cosijopi Montero, se\u00f1al\u00f3 que el Gobierno ha sido omiso en la aplicaci\u00f3n de los marcos&nbsp;normativos medio ambientales.<\/p>\n\n\n\n<p>\u201cEsta muy claro que la calidad del aire y muchos de los problemas ambientales que tenemos en el Estado de Nuevo Le\u00f3n ha sido&nbsp;por omisi\u00f3n, no vemos una autoridad estatal defensora del medio ambiente, no forma parte de su agenda y para nosotros como&nbsp;organizaciones de la sociedad civil nos sentimos muy agraviados\u201d, se\u00f1al\u00f3 Montero.<\/p>\n\n\n\n<p>El vocero de la asociaci\u00f3n Parque Ecol\u00f3gico Chipinque, Paulino Canseco Villarreal, estim\u00f3 que las autoridades judiciales les den la&nbsp;raz\u00f3n en el tema, porque cada vez son m\u00e1s los d\u00edas que la contaminaci\u00f3n es visible.<\/p>\n\n\n\n<p>\u201cTeniendo la fortuna de trabajar en Chipinque desde mi oficina se ven los d\u00edas que est\u00e1n m\u00e1s complicados y se ve la capa de&nbsp;contaminaci\u00f3n que tenemos en la zona metropolitana\u201d.<\/p>\n\n\n\n<p>Este segundo amparo que se interpone, es adicional al planteado la semana pasada cuando representantes de las ONG\u2019s firmaron&nbsp;como personas f\u00edsicas; en esta ocasi\u00f3n, el procedimiento legal se interpone como Organizaciones No Gubernamentales.<\/p>\n\n\n\n<p>Las ONG\u2019s que signaron el documento fueron: Observatorio&nbsp;&nbsp;Ciudadano de Calidad del Aire, Consejo C\u00edvico de las Instituciones,&nbsp;Pronatura Noreste, Reforestaci\u00f3n Extrema, Comit\u00e9 Ecol\u00f3gico Interescolar, Patronato del Parque Ecol\u00f3gico Chipinque, Instituto para&nbsp;la Protecci\u00f3n Ambiental de Nuevo Le\u00f3n, Vertebra y Evoluci\u00f3n Mexicana.<\/p>\n","protected":false},"excerpt":{"rendered":"<p>*Las asociaciones civiles y el Senador de la Rep\u00fablica presentaron un segundo amparo en contra de la inacci\u00f3n de la CRE *El recurso legal busca obligar a este organismo a que se env\u00ede combustible de buena calidad a Nuevo Le\u00f3nRepresentantes de organizaciones no gubernamentales y el Senador, Samuel Garc\u00eda, presentaron un amparo en contra&nbsp;de la [&hellip;]<\/p>\n","protected":false},"author":1,"featured_media":5031,"comment_status":"open","ping_status":"open","sticky":false,"template":"","format":"standard","meta":{"footnotes":""},"categories":[6],"tags":[],"_links":{"self":[{"href":"https:\/\/diariodigitalmx.com\/index.php\/wp-json\/wp\/v2\/posts\/5029"}],"collection":[{"href":"https:\/\/diariodigitalmx.com\/index.php\/wp-json\/wp\/v2\/posts"}],"about":[{"href":"https:\/\/diariodigitalmx.com\/index.php\/wp-json\/wp\/v2\/types\/post"}],"author":[{"embeddable":true,"href":"https:\/\/diariodigitalmx.com\/index.php\/wp-json\/wp\/v2\/users\/1"}],"replies":[{"embeddable":true,"href":"https:\/\/diariodigitalmx.com\/index.php\/wp-json\/wp\/v2\/comments?post=5029"}],"version-history":[{"count":5,"href":"https:\/\/diariodigitalmx.com\/index.php\/wp-json\/wp\/v2\/posts\/5029\/revisions"}],"predecessor-version":[{"id":14531,"href":"https:\/\/diariodigitalmx.com\/index.php\/wp-json\/wp\/v2\/posts\/5029\/revisions\/14531"}],"wp:featuredmedia":[{"embeddable":true,"href":"https:\/\/diariodigitalmx.com\/index.php\/wp-json\/wp\/v2\/media\/5031"}],"wp:attachment":[{"href":"https:\/\/diariodigitalmx.com\/index.php\/wp-json\/wp\/v2\/media?parent=5029"}],"wp:term":[{"taxonomy":"category","embeddable":true,"href":"https:\/\/diariodigitalmx.com\/index.php\/wp-json\/wp\/v2\/categories?post=5029"},{"taxonomy":"post_tag","embeddable":true,"href":"https:\/\/diariodigitalmx.com\/index.php\/wp-json\/wp\/v2\/tags?post=5029"}],"curies":[{"name":"wp","href":"https:\/\/api.w.org\/{rel}","templated":true}]}}