{"id":5052,"date":"2019-05-31T11:32:54","date_gmt":"2019-05-31T16:32:54","guid":{"rendered":"http:\/\/diariodigitalmx.com\/?p=5052"},"modified":"2019-10-18T17:28:59","modified_gmt":"2019-10-18T22:28:59","slug":"dice-ebrard-que-migracion-centroamericana-no-es-responsabilidad-de-mexico","status":"publish","type":"post","link":"https:\/\/diariodigitalmx.com\/index.php\/2019\/05\/31\/dice-ebrard-que-migracion-centroamericana-no-es-responsabilidad-de-mexico\/","title":{"rendered":"Dice Ebrard que migraci\u00f3n centroamericana no es responsabilidad de M\u00e9xico"},"content":{"rendered":"\n<p>El\ntitular de la Secretar\u00eda de Relaciones Exteriores (SRE), Marcelo Ebrard, dijo\nque &#8220;el flujo migratorio de Centroam\u00e9rica no es responsabilidad de\nM\u00e9xico&#8221;, tras las medidas arancelarias que anunci\u00f3 el presidente de\nEstados Unidos, Donald Trump.<\/p>\n\n\n\n<p>A trav\u00e9s de\ntwitter, Marcelo Ebrard dijo que &#8220;de acuerdo a las instrucciones del\nPresidente hoy saldremos varios funcionarios hacia Washington D.C. para\nentablar conversaciones a la brevedad con las autoridades norteamericanas. El\ntrato a M\u00e9xico es injusto y no tiene sentido econ\u00f3mico para nadie&#8221;.<\/p>\n\n\n\n<p>Asimismo explic\u00f3 que M\u00e9xico es el\nprincipal socio comercial de EU y &#8220;lo que reciben de nuestro pa\u00eds son\nbienes y servicios esenciales, productividad.<\/p>\n\n\n\n<p>Explic\u00f3 que el flujo migratorio de\nCentroam\u00e9rica y otros pa\u00edses o el elevado consumo de estupefacientes no son\nresponsabilidad de M\u00e9xico.<\/p>\n\n\n\n<p>Previo a la declaraci\u00f3n de Marcelo\nEbrard, Trump dijo que &#8220;<a href=\"https:\/\/www.elsoldemexico.com.mx\/mundo\/mexico-se-ha-aprovechado-de-eu-durante-decadas-trump-responde-a-carta-de-amlo-sobre-amenaza-de-aranceles-3698669.html\">M\u00e9xico se ha aprovechado durante\nd\u00e9cadas de Estados Unidos&#8221;<\/a>&nbsp;y pidi\u00f3 que &#8220;haga lo que\nse debe de hacer&nbsp;para arreglar sus problemas migratorios.<\/p>\n\n\n\n<p>Trump anunci\u00f3 el jueves que impondr\u00e1\naranceles progresivos a M\u00e9xico a partir del 10 de junio hasta que se detenga el\nflujo de migrantes indocumentados que llegan desde ese pa\u00eds a la frontera sur\nestadounidense.<\/p>\n\n\n\n<p>&#8220;El 10 de junio, Estados Unidos\nimpondr\u00e1 un arancel del 5% a todos los bienes que ingresan a nuestro pa\u00eds desde\nM\u00e9xico, hasta el momento en que los migrantes ilegales que llegan a trav\u00e9s de\nM\u00e9xico a nuestro pa\u00eds PAREN&#8221;, dijo Trump.<\/p>\n\n\n\n<p>&#8220;Los aranceles aumentar\u00e1n\ngradualmente hasta que se resuelva el problema de la migraci\u00f3n ilegal, momento\nen el que se eliminar\u00e1n&#8221;, se\u00f1al\u00f3.<\/p>\n\n\n\n<p>Tras las amenazas arancelarias de\nTrump, el gobierno de<a href=\"http:\/\/bit.ly\/2Qy4ePa\">&nbsp;L\u00f3pez Obrador envi\u00f3 una carta a su hom\u00f3logo de\nEstados Unidos&nbsp;<\/a>y pidi\u00f3 actuar con prudencia y resolver el\nproblema migratorio mediante el di\u00e1logo, sin llegar a la confrontaci\u00f3n, ni\nafectar los intereses de ambos pa\u00edses.<\/p>\n","protected":false},"excerpt":{"rendered":"<p>El titular de la Secretar\u00eda de Relaciones Exteriores (SRE), Marcelo Ebrard, dijo que &#8220;el flujo migratorio de Centroam\u00e9rica no es responsabilidad de M\u00e9xico&#8221;, tras las medidas arancelarias que anunci\u00f3 el presidente de Estados Unidos, Donald Trump. A trav\u00e9s de twitter, Marcelo Ebrard dijo que &#8220;de acuerdo a las instrucciones del Presidente hoy saldremos varios funcionarios [&hellip;]<\/p>\n","protected":false},"author":1,"featured_media":5054,"comment_status":"open","ping_status":"open","sticky":true,"template":"","format":"standard","meta":{"footnotes":""},"categories":[2],"tags":[],"_links":{"self":[{"href":"https:\/\/diariodigitalmx.com\/index.php\/wp-json\/wp\/v2\/posts\/5052"}],"collection":[{"href":"https:\/\/diariodigitalmx.com\/index.php\/wp-json\/wp\/v2\/posts"}],"about":[{"href":"https:\/\/diariodigitalmx.com\/index.php\/wp-json\/wp\/v2\/types\/post"}],"author":[{"embeddable":true,"href":"https:\/\/diariodigitalmx.com\/index.php\/wp-json\/wp\/v2\/users\/1"}],"replies":[{"embeddable":true,"href":"https:\/\/diariodigitalmx.com\/index.php\/wp-json\/wp\/v2\/comments?post=5052"}],"version-history":[{"count":1,"href":"https:\/\/diariodigitalmx.com\/index.php\/wp-json\/wp\/v2\/posts\/5052\/revisions"}],"predecessor-version":[{"id":5053,"href":"https:\/\/diariodigitalmx.com\/index.php\/wp-json\/wp\/v2\/posts\/5052\/revisions\/5053"}],"wp:featuredmedia":[{"embeddable":true,"href":"https:\/\/diariodigitalmx.com\/index.php\/wp-json\/wp\/v2\/media\/5054"}],"wp:attachment":[{"href":"https:\/\/diariodigitalmx.com\/index.php\/wp-json\/wp\/v2\/media?parent=5052"}],"wp:term":[{"taxonomy":"category","embeddable":true,"href":"https:\/\/diariodigitalmx.com\/index.php\/wp-json\/wp\/v2\/categories?post=5052"},{"taxonomy":"post_tag","embeddable":true,"href":"https:\/\/diariodigitalmx.com\/index.php\/wp-json\/wp\/v2\/tags?post=5052"}],"curies":[{"name":"wp","href":"https:\/\/api.w.org\/{rel}","templated":true}]}}