{"id":5061,"date":"2019-05-31T13:00:04","date_gmt":"2019-05-31T18:00:04","guid":{"rendered":"http:\/\/diariodigitalmx.com\/?p=5061"},"modified":"2019-10-18T17:27:46","modified_gmt":"2019-10-18T22:27:46","slug":"taxistas-piden-piso-parejo-que-se-regularicen-uber-didi-y-demas-aplicaciones-de-transporte","status":"publish","type":"post","link":"https:\/\/diariodigitalmx.com\/index.php\/2019\/05\/31\/taxistas-piden-piso-parejo-que-se-regularicen-uber-didi-y-demas-aplicaciones-de-transporte\/","title":{"rendered":"Taxistas piden piso parejo; que se regularicen Uber, Didi y dem\u00e1s aplicaciones de transporte"},"content":{"rendered":"\n<p>David Casas<\/p>\n\n\n\n<p>Monterrey, N. L.- Taxistas de\ndiversas organizaciones sindicales e independientes, se unieron en contra de\nUber y los servicios de transporte por aplicaciones y exigieron piso parejo a\nlos diputados y a las autoridades del transporte.<\/p>\n\n\n\n<p>Decenas de choferes y dirigentes\nllegaron hasta el Congreso Local donde acusaron a los diputados locales de\ntraidores y de convocar a las reuniones del transporte a quienes en realidad no\nrepresentan nada.<\/p>\n\n\n\n<p>F\u00e9lix Coronado Hern\u00e1ndez, secretario general\nde la CROC, present\u00f3 junto con los taxistas y l\u00edderes diversos una propuesta\nante los diputados para demandar igualdad de condiciones para todos y que no se\nde preferencia a algunos en detrimento de otros. <\/p>\n\n\n\n<p>Coment\u00f3 la existencia de unos 40 mil\ntaxis de Uber, Didi y otras aplicaciones que act\u00faan ilegalmente.<\/p>\n\n\n\n<p>Censuraron que la Comisi\u00f3n del\nTransporte del Congreso no act\u00fae y en cambio, sea la de medio ambiente la que\nconvoque, y aunque dijeron estar a favor de combatir la contaminaci\u00f3n, \u00e9sta no\nes la adecuada para resolver los problemas<\/p>\n\n\n\n<p>\u201cEstamos en contra de los diputados\nque se vendieron, para nosotros son unos vendidos, porque que tiene que hacer\nla comisi\u00f3n del medio ambiente en el transporte. Queremos que la comisi\u00f3n del\ntransporte se erija en el mandante en este caso para que arregle, no queremos\nque sea omiso, si es omiso la comisi\u00f3n del transporte para nosotros es c\u00f3mplice\nde ellos\u201d, coment\u00f3.<\/p>\n\n\n\n<p>Fernando Flores, dirigente de Taxi\nseguro del Poniente, del Sindicato de la Confederaci\u00f3n de Taxistas del Estado y\nla Confederaci\u00f3n de Trabajadores Unidos, expuso que se han unido las diversas organizaciones\nque suman m\u00e1s de cinco mil taxistas para exigir sus derechos, rechazar la\ncompetencia desleal y actuar en favor del medio ambiente tambi\u00e9n.<\/p>\n\n\n\n<p>\u201cNosotros no tenemos ning\u00fan\ncompromiso con ning\u00fan pol\u00edtico ni nada, somos una agrupaci\u00f3n que nos unimos en\nuna coalici\u00f3n de grupos y sindicatos del transporte en general del estado de\nnuevo Le\u00f3n\u201d.<\/p>\n\n\n\n<p>Fernando Castillo, secretario general\nde la Coalici\u00f3n de sindicatos y grupos de transporte en el Estado de Nuevo Le\u00f3n,\ndice que hay injusticias por parte de la Agencia Estatal del Transporte, por el\nCongreso del Estado, &nbsp;al apoyar la lucha\ndesleal \u201ccompetencia que estamos viviendo nosotros no creemos justo, nosotros\ncreemos que si se van a regularizar, no tenemos ning\u00fan inconveniente, solamente\nque sea en igualdad de condiciones, no estamos en contra de la regularizaci\u00f3n o\nla modernizaci\u00f3n del transporte p\u00fablico, simplemente queremos que sea en\nigualdad de condiciones\u201d.<\/p>\n\n\n\n<p>Demandaron se habr\u00e1 una convocatoria\npara checar la demanda que hay de taxis, si existe el pirata es porque hay\ndemanda, entonces queremos que abra una convocatoria para que otorguen nuevas\nconcesiones tambi\u00e9n\u201d.<\/p>\n\n\n\n<ul class=\"wp-block-gallery columns-1 is-cropped wp-block-gallery-1 is-layout-flex wp-block-gallery-is-layout-flex\"><li class=\"blocks-gallery-item\"><figure><img loading=\"lazy\" decoding=\"async\" width=\"1024\" height=\"666\" src=\"http:\/\/diariodigitalmx.com\/wp-content\/uploads\/2019\/05\/Taxistas-se-unen-1024x666.jpg\" alt=\"\" data-id=\"5064\" data-link=\"http:\/\/diariodigitalmx.com\/?attachment_id=5064\" class=\"wp-image-5064\" srcset=\"https:\/\/diariodigitalmx.com\/wp-content\/uploads\/2019\/05\/Taxistas-se-unen-1024x666.jpg 1024w, https:\/\/diariodigitalmx.com\/wp-content\/uploads\/2019\/05\/Taxistas-se-unen-300x195.jpg 300w, https:\/\/diariodigitalmx.com\/wp-content\/uploads\/2019\/05\/Taxistas-se-unen-768x500.jpg 768w, https:\/\/diariodigitalmx.com\/wp-content\/uploads\/2019\/05\/Taxistas-se-unen.jpg 1280w\" sizes=\"(max-width: 1024px) 100vw, 1024px\" \/><\/figure><\/li><\/ul>\n\n\n\n<figure class=\"wp-block-image\"><img loading=\"lazy\" decoding=\"async\" width=\"1024\" height=\"768\" src=\"http:\/\/diariodigitalmx.com\/wp-content\/uploads\/2019\/05\/IMG_20190531_115853317_BURST000_COVER_TOP-1024x768.jpg\" alt=\"\" class=\"wp-image-5066\" srcset=\"https:\/\/diariodigitalmx.com\/wp-content\/uploads\/2019\/05\/IMG_20190531_115853317_BURST000_COVER_TOP-1024x768.jpg 1024w, https:\/\/diariodigitalmx.com\/wp-content\/uploads\/2019\/05\/IMG_20190531_115853317_BURST000_COVER_TOP-300x225.jpg 300w, https:\/\/diariodigitalmx.com\/wp-content\/uploads\/2019\/05\/IMG_20190531_115853317_BURST000_COVER_TOP-768x576.jpg 768w\" sizes=\"(max-width: 1024px) 100vw, 1024px\" \/><\/figure>\n","protected":false},"excerpt":{"rendered":"<p>David Casas Monterrey, N. L.- Taxistas de diversas organizaciones sindicales e independientes, se unieron en contra de Uber y los servicios de transporte por aplicaciones y exigieron piso parejo a los diputados y a las autoridades del transporte. Decenas de choferes y dirigentes llegaron hasta el Congreso Local donde acusaron a los diputados locales de [&hellip;]<\/p>\n","protected":false},"author":1,"featured_media":5063,"comment_status":"open","ping_status":"open","sticky":true,"template":"","format":"standard","meta":{"footnotes":""},"categories":[6],"tags":[],"_links":{"self":[{"href":"https:\/\/diariodigitalmx.com\/index.php\/wp-json\/wp\/v2\/posts\/5061"}],"collection":[{"href":"https:\/\/diariodigitalmx.com\/index.php\/wp-json\/wp\/v2\/posts"}],"about":[{"href":"https:\/\/diariodigitalmx.com\/index.php\/wp-json\/wp\/v2\/types\/post"}],"author":[{"embeddable":true,"href":"https:\/\/diariodigitalmx.com\/index.php\/wp-json\/wp\/v2\/users\/1"}],"replies":[{"embeddable":true,"href":"https:\/\/diariodigitalmx.com\/index.php\/wp-json\/wp\/v2\/comments?post=5061"}],"version-history":[{"count":3,"href":"https:\/\/diariodigitalmx.com\/index.php\/wp-json\/wp\/v2\/posts\/5061\/revisions"}],"predecessor-version":[{"id":5067,"href":"https:\/\/diariodigitalmx.com\/index.php\/wp-json\/wp\/v2\/posts\/5061\/revisions\/5067"}],"wp:featuredmedia":[{"embeddable":true,"href":"https:\/\/diariodigitalmx.com\/index.php\/wp-json\/wp\/v2\/media\/5063"}],"wp:attachment":[{"href":"https:\/\/diariodigitalmx.com\/index.php\/wp-json\/wp\/v2\/media?parent=5061"}],"wp:term":[{"taxonomy":"category","embeddable":true,"href":"https:\/\/diariodigitalmx.com\/index.php\/wp-json\/wp\/v2\/categories?post=5061"},{"taxonomy":"post_tag","embeddable":true,"href":"https:\/\/diariodigitalmx.com\/index.php\/wp-json\/wp\/v2\/tags?post=5061"}],"curies":[{"name":"wp","href":"https:\/\/api.w.org\/{rel}","templated":true}]}}