{"id":5107,"date":"2019-05-31T20:38:52","date_gmt":"2019-06-01T01:38:52","guid":{"rendered":"http:\/\/diariodigitalmx.com\/?p=5107"},"modified":"2019-10-18T17:25:42","modified_gmt":"2019-10-18T22:25:42","slug":"en-la-busqueda-de-desaparecidos-por-dinero-no-para","status":"publish","type":"post","link":"https:\/\/diariodigitalmx.com\/index.php\/2019\/05\/31\/en-la-busqueda-de-desaparecidos-por-dinero-no-para\/","title":{"rendered":"En la b\u00fasqueda de desaparecidos, por dinero no para"},"content":{"rendered":"\n<p>David Casas<br><\/p>\n\n\n\n<p>Monterrey, N. L- Nuevo Le\u00f3n se convirti\u00f3 en el primer estado en firmar un convenio con la Secretar\u00eda de Gobernaci\u00f3n para la b\u00fasqueda de personas desaparecidas a trav\u00e9s del cual se le otorgar\u00e1 un subsidio por 22 millones de pesos para la Comisi\u00f3n Local de B\u00fasqueda de Personas Desaparecidas en el Estado y con ello los integrantes de los diferentes colectivos de familiares podr\u00e1n acceder a recursos y equipamiento para continuar en su lucha por encontrar a sus familiares.<\/p>\n\n\n\n<p>Waldo Fern\u00e1ndez Gonz\u00e1lez, Jefe del Gabinete del Gobierno Estatal, explic\u00f3 que a nivel nacional existen m\u00e1s de 40 mil personas desaparecidas y que el otorgamiento de este subsidio deja de manifiesto la voluntad pol\u00edtica del Gobierno Federal y Estatal para apoyar a las familias que desde hace a\u00f1os padecen de la desaparici\u00f3n de alg\u00fan familiar.<\/p>\n\n\n\n<figure class=\"wp-block-image\"><img loading=\"lazy\" decoding=\"async\" width=\"1024\" height=\"683\" src=\"http:\/\/diariodigitalmx.com\/wp-content\/uploads\/2019\/05\/IMG-20190531-WA0011-1024x683.jpg\" alt=\"\" class=\"wp-image-5110\" srcset=\"https:\/\/diariodigitalmx.com\/wp-content\/uploads\/2019\/05\/IMG-20190531-WA0011.jpg 1024w, https:\/\/diariodigitalmx.com\/wp-content\/uploads\/2019\/05\/IMG-20190531-WA0011-300x200.jpg 300w, https:\/\/diariodigitalmx.com\/wp-content\/uploads\/2019\/05\/IMG-20190531-WA0011-768x512.jpg 768w\" sizes=\"(max-width: 1024px) 100vw, 1024px\" \/><\/figure>\n\n\n\n<p>\u201cLa desaparici\u00f3n de personas es un asunto complejo, hoy se representa una visi\u00f3n humanista y de derechos humanos que pone en relieve la necesidad de reconciliaci\u00f3n que necesitamos los mexicanos, tenemos 40 mil familias, de 40 mil personas que est\u00e1n desaparecidos y necesitamos reconciliarnos todos los mexicanos\u201d, detall\u00f3.<\/p>\n\n\n\n<p>\u201cHay una deuda de las instituciones de este pa\u00eds con las familias, hay una hipoteca institucional con miles y millones de mexicanos que han sufrido por la violencia y que necesitan un eje central que le d\u00e9 a la democracia la posibilidad de funcionar, este evento sin duda es un paso importante en la justicia de nuestro pa\u00eds, hoy tenemos la oportunidad de darles justicia, merecemos saber qu\u00e9 pas\u00f3 con sus familiares y darles esa oportunidad de encontrarlos\u201d, agreg\u00f3.<\/p>\n\n\n\n<p>Olga Leticia Hidalgo, de Fuerzas Unidas por Nuestros Desaparecidos en Nuevo Le\u00f3n, FUNDENL, asegur\u00f3 que seguir\u00e1n levantando la voz para buscar a sus hijos y exigir al gobierno lo que le corresponde.<\/p>\n\n\n\n<p>A su vez Consuelo Morales Elizondo, de CADHAC, resalt\u00f3 la voluntad pol\u00edtica del Gobierno para apoyar a las familias de desaparecidos y que tan solo el a\u00f1o pasado de los mil 328 desapariciones registradas en la entidad lograron la localizaci\u00f3n de 168 personas y que se ha logrado la consignaci\u00f3n de 63 personas, de las cuales 18 ya fueron sentenciados.<\/p>\n\n\n\n<p>Olga S\u00e1nchez Cordero, Secretaria de Gobernaci\u00f3n advirti\u00f3 que esta es la prioridad n\u00famero uno del Gobierno Federal y que continuar\u00e1n dando el apoyo necesario a los familiares de personas desaparecidas, \u201cno est\u00e1n solos cuentan con el apoyo del gobierno federal y local\u201d, dijo.<\/p>\n\n\n\n<p>El gobernador Jaime Rodr\u00edguez Calder\u00f3n, advirti\u00f3 que existe un fuerte compromiso de la autoridad local y que seguir\u00e1n otorgando los recursos necesarios para continuar con la b\u00fasqueda de los desaparecidos de Nuevo Le\u00f3n y por lo pronto les ofreci\u00f3 contar en breve con una oficina cercana a la Fiscal\u00eda de Justicia en donde puedan continuar con su labor.<\/p>\n\n\n\n\n\n<figure class=\"wp-block-image\"><img loading=\"lazy\" decoding=\"async\" width=\"1024\" height=\"683\" src=\"http:\/\/diariodigitalmx.com\/wp-content\/uploads\/2019\/05\/IMG-20190531-WA0013-1024x683.jpg\" alt=\"\" class=\"wp-image-5112\" srcset=\"https:\/\/diariodigitalmx.com\/wp-content\/uploads\/2019\/05\/IMG-20190531-WA0013.jpg 1024w, https:\/\/diariodigitalmx.com\/wp-content\/uploads\/2019\/05\/IMG-20190531-WA0013-300x200.jpg 300w, https:\/\/diariodigitalmx.com\/wp-content\/uploads\/2019\/05\/IMG-20190531-WA0013-768x512.jpg 768w\" sizes=\"(max-width: 1024px) 100vw, 1024px\" \/><\/figure>\n","protected":false},"excerpt":{"rendered":"<p>David Casas Monterrey, N. L- Nuevo Le\u00f3n se convirti\u00f3 en el primer estado en firmar un convenio con la Secretar\u00eda de Gobernaci\u00f3n para la b\u00fasqueda de personas desaparecidas a trav\u00e9s del cual se le otorgar\u00e1 un subsidio por 22 millones de pesos para la Comisi\u00f3n Local de B\u00fasqueda de Personas Desaparecidas en el Estado y [&hellip;]<\/p>\n","protected":false},"author":1,"featured_media":5109,"comment_status":"open","ping_status":"open","sticky":false,"template":"","format":"standard","meta":{"footnotes":""},"categories":[6],"tags":[],"_links":{"self":[{"href":"https:\/\/diariodigitalmx.com\/index.php\/wp-json\/wp\/v2\/posts\/5107"}],"collection":[{"href":"https:\/\/diariodigitalmx.com\/index.php\/wp-json\/wp\/v2\/posts"}],"about":[{"href":"https:\/\/diariodigitalmx.com\/index.php\/wp-json\/wp\/v2\/types\/post"}],"author":[{"embeddable":true,"href":"https:\/\/diariodigitalmx.com\/index.php\/wp-json\/wp\/v2\/users\/1"}],"replies":[{"embeddable":true,"href":"https:\/\/diariodigitalmx.com\/index.php\/wp-json\/wp\/v2\/comments?post=5107"}],"version-history":[{"count":3,"href":"https:\/\/diariodigitalmx.com\/index.php\/wp-json\/wp\/v2\/posts\/5107\/revisions"}],"predecessor-version":[{"id":5113,"href":"https:\/\/diariodigitalmx.com\/index.php\/wp-json\/wp\/v2\/posts\/5107\/revisions\/5113"}],"wp:featuredmedia":[{"embeddable":true,"href":"https:\/\/diariodigitalmx.com\/index.php\/wp-json\/wp\/v2\/media\/5109"}],"wp:attachment":[{"href":"https:\/\/diariodigitalmx.com\/index.php\/wp-json\/wp\/v2\/media?parent=5107"}],"wp:term":[{"taxonomy":"category","embeddable":true,"href":"https:\/\/diariodigitalmx.com\/index.php\/wp-json\/wp\/v2\/categories?post=5107"},{"taxonomy":"post_tag","embeddable":true,"href":"https:\/\/diariodigitalmx.com\/index.php\/wp-json\/wp\/v2\/tags?post=5107"}],"curies":[{"name":"wp","href":"https:\/\/api.w.org\/{rel}","templated":true}]}}