{"id":5322,"date":"2019-06-03T17:23:47","date_gmt":"2019-06-03T22:23:47","guid":{"rendered":"http:\/\/diariodigitalmx.com\/?p=5322"},"modified":"2019-10-19T08:47:22","modified_gmt":"2019-10-19T13:47:22","slug":"inicia-johnson-campana-para-relevar-a-may","status":"publish","type":"post","link":"https:\/\/diariodigitalmx.com\/index.php\/2019\/06\/03\/inicia-johnson-campana-para-relevar-a-may\/","title":{"rendered":"Inicia Johnson campa\u00f1a para relevar a May"},"content":{"rendered":"\n<p>Con un video en redes sociales, el exministro de Asuntos Exteriores y defensor del Brexit, Boris Johnson, arranc\u00f3 su campa\u00f1a para el liderazgo del Partido Conservador y de ganarle, convertrse en sucesor de la primera ministra Theresa May, y sacar a Reino Unido de la Uni\u00f3n Europea \u201ccon o sin acuerdo\u201d.<\/p>\n\n\n\n<p>En el material audiovisual, compartido en la red social Twitter, se observa a Johnson interactuando con diferentes ciudadanos a quienes invita a elegirlo como mejor opci\u00f3n para relevar a May, quien formalizar\u00e1 su dimisi\u00f3n el 7 de junio.<\/p>\n\n\n\n<p>En su video afirm\u00f3 que \u201csi salgo elegido, saldremos (de la Uni\u00f3n Europea) el 31 de octubre, haya o no haya acuerdo\u201d y plante\u00f3 la necesidad de impulsar la infraestructura, invertir en educaci\u00f3n, medioambiente y apoyar el sistema p\u00fablico de Sanidad, seg\u00fan informaci\u00f3n divulgada por el portal electr\u00f3nico de Deutsche Welle.<\/p>\n\n\n\n<p>En otra imagen de la misma grabaci\u00f3n se ve a Johnson con una adulta mayor en la puerta de su vivienda a quien le dice: \u201cdebemos tener coraje para decirle a la gente de este pa\u00eds que podemos hacerlo\u201d a lo que ella le responde: \u201cy t\u00fa eres el \u00fanico que puede hacer eso\u201d.<\/p>\n\n\n\n<p>Entre los objetivos de la plataforma de trabajo del ex ministro, uno de los favoritos para relevar a May, destaca la separaci\u00f3n con Bruselas y salir de la Uni\u00f3n Europea el 31 de octubre pr\u00f3ximo \u201ccon o sin acuerdo\u201d.<\/p>\n\n\n\n<p>Al mismo cargo aspiran el ministro de Medioambiente, Michael Gove, el ministro de Exteriores, Jeremy Hunt, el exl\u00edder de los Comunes, Andrea Leadsom y el ministro brit\u00e1nico de Interior, Sajid Javid, entre otros.<\/p>\n","protected":false},"excerpt":{"rendered":"<p>Con un video en redes sociales, el exministro de Asuntos Exteriores y defensor del Brexit, Boris Johnson, arranc\u00f3 su campa\u00f1a para el liderazgo del Partido Conservador y de ganarle, convertrse en sucesor de la primera ministra Theresa May, y sacar a Reino Unido de la Uni\u00f3n Europea \u201ccon o sin acuerdo\u201d. En el material audiovisual, [&hellip;]<\/p>\n","protected":false},"author":1,"featured_media":5324,"comment_status":"open","ping_status":"open","sticky":false,"template":"","format":"standard","meta":{"footnotes":""},"categories":[4],"tags":[],"_links":{"self":[{"href":"https:\/\/diariodigitalmx.com\/index.php\/wp-json\/wp\/v2\/posts\/5322"}],"collection":[{"href":"https:\/\/diariodigitalmx.com\/index.php\/wp-json\/wp\/v2\/posts"}],"about":[{"href":"https:\/\/diariodigitalmx.com\/index.php\/wp-json\/wp\/v2\/types\/post"}],"author":[{"embeddable":true,"href":"https:\/\/diariodigitalmx.com\/index.php\/wp-json\/wp\/v2\/users\/1"}],"replies":[{"embeddable":true,"href":"https:\/\/diariodigitalmx.com\/index.php\/wp-json\/wp\/v2\/comments?post=5322"}],"version-history":[{"count":1,"href":"https:\/\/diariodigitalmx.com\/index.php\/wp-json\/wp\/v2\/posts\/5322\/revisions"}],"predecessor-version":[{"id":5323,"href":"https:\/\/diariodigitalmx.com\/index.php\/wp-json\/wp\/v2\/posts\/5322\/revisions\/5323"}],"wp:featuredmedia":[{"embeddable":true,"href":"https:\/\/diariodigitalmx.com\/index.php\/wp-json\/wp\/v2\/media\/5324"}],"wp:attachment":[{"href":"https:\/\/diariodigitalmx.com\/index.php\/wp-json\/wp\/v2\/media?parent=5322"}],"wp:term":[{"taxonomy":"category","embeddable":true,"href":"https:\/\/diariodigitalmx.com\/index.php\/wp-json\/wp\/v2\/categories?post=5322"},{"taxonomy":"post_tag","embeddable":true,"href":"https:\/\/diariodigitalmx.com\/index.php\/wp-json\/wp\/v2\/tags?post=5322"}],"curies":[{"name":"wp","href":"https:\/\/api.w.org\/{rel}","templated":true}]}}