{"id":5340,"date":"2019-06-04T08:59:32","date_gmt":"2019-06-04T13:59:32","guid":{"rendered":"http:\/\/diariodigitalmx.com\/?p=5340"},"modified":"2019-10-19T08:35:24","modified_gmt":"2019-10-19T13:35:24","slug":"muere-otra-integrante-de-la-familia-bichir","status":"publish","type":"post","link":"https:\/\/diariodigitalmx.com\/index.php\/2019\/06\/04\/muere-otra-integrante-de-la-familia-bichir\/","title":{"rendered":"Muere otra integrante de la familia Bichir"},"content":{"rendered":"\n<h3 class=\"wp-block-heading\">La actriz Sandra Andrea Cobi\u00e1n Bichir muri\u00f3 la noche del pasado domingo en un accidente automovil\u00edstico en la ciudad de Lerdo, en el estado de Durango<\/h3>\n\n\n\n<figure class=\"wp-block-image\"><img decoding=\"async\" src=\"https:\/\/www.elsoldedurango.com.mx\/policiaca\/mndire-accidente.jpeg\/alternates\/LANDSCAPE_400\/accidente.jpeg\" alt=\"\"\/><\/figure>\n\n\n\n\n\n<p>Mario Contreras | El Sol de Durango<\/p>\n\n\n\n<p>La actriz Sandra Andrea Cobi\u00e1n Bichir, integrante de la familia de actores Bichir, muri\u00f3 la noche del pasado domingo en un accidente automovil\u00edstico en la ciudad de Lerdo del Estado de Durango.<\/p>\n\n\n\n<p>El incidente ocurri\u00f3 aproximadamente \u202aa las 22:30 horas del domingo cuando circulaba de la demarcaci\u00f3n antes mencionada con rumbo a Torre\u00f3n, Coahuila por el bulevar Ej\u00e9rcito Mexicano, y a la altura del puente El Jabonoso, el chofer del veh\u00edculo en que viajaba derrap\u00f3 y perdi\u00f3 el control del mismo.<\/p>\n\n\n\n\n\n\n\n<figure class=\"wp-block-image\"><img decoding=\"async\" src=\"https:\/\/www.elsoldemexico.com.mx\/gossip\/y03jw-sandra-andrea-cobian-2.jpg\/alternates\/FREE_400\/sandra%20andrea%20cobian%20(2).jpg\" alt=\"\"\/><\/figure>\n\n\n\n\n\n<p>Sandra se trasladaba en una camioneta Nissan NP300, color blanco, conducida por Javier Anuar, de 37 a\u00f1os de edad, y tras el derrape se impactaron contra una Nissan X-Trail, blanca, que era manejada por Geovanne Mar\u00eda, de 39 a\u00f1os.<\/p>\n\n\n\n<p>Debido a la colisi\u00f3n, los conductores de ambas camionetas quedaron custodiados por agentes de Vialidad del municipio de Lerdo, y ser\u00e1n las autoridades correspondientes quienes deslinden responsabilidades.<\/p>\n\n\n\n<figure class=\"wp-block-image\"><img decoding=\"async\" src=\"https:\/\/www.elsoldemexico.com.mx\/mexico\/ldyt6y-sandra-andrea-cobian-1.jpg\/alternates\/FREE_400\/sandra%20andrea%20cobian%20(1).jpg\" alt=\"\"\/><\/figure>\n\n\n\n<p>A trav\u00e9s de su cuenta de Twitter, el Sistema de Teatros de la Ciudad de M\u00e9xico, confirm\u00f3 que se trataba de la actriz; \u201cLamentamos el fallecimiento de la actriz Sandra Cobi\u00e1n Bichir, egresada del @CUT_UNAM\u201d, se lee en la red social.<\/p>\n\n\n\n<p>Sandra Cobi\u00e1n particip\u00f3 en diversas puestas en escena como \u201cCasa con dos puertas, mala es de guardar\u201d y &#8220;El \u00faltimo preso&#8221;.<\/p>\n","protected":false},"excerpt":{"rendered":"<p>La actriz Sandra Andrea Cobi\u00e1n Bichir muri\u00f3 la noche del pasado domingo en un accidente automovil\u00edstico en la ciudad de Lerdo, en el estado de Durango Mario Contreras | El Sol de Durango La actriz Sandra Andrea Cobi\u00e1n Bichir, integrante de la familia de actores Bichir, muri\u00f3 la noche del pasado domingo en un accidente [&hellip;]<\/p>\n","protected":false},"author":1,"featured_media":0,"comment_status":"open","ping_status":"open","sticky":false,"template":"","format":"standard","meta":{"footnotes":""},"categories":[9],"tags":[],"_links":{"self":[{"href":"https:\/\/diariodigitalmx.com\/index.php\/wp-json\/wp\/v2\/posts\/5340"}],"collection":[{"href":"https:\/\/diariodigitalmx.com\/index.php\/wp-json\/wp\/v2\/posts"}],"about":[{"href":"https:\/\/diariodigitalmx.com\/index.php\/wp-json\/wp\/v2\/types\/post"}],"author":[{"embeddable":true,"href":"https:\/\/diariodigitalmx.com\/index.php\/wp-json\/wp\/v2\/users\/1"}],"replies":[{"embeddable":true,"href":"https:\/\/diariodigitalmx.com\/index.php\/wp-json\/wp\/v2\/comments?post=5340"}],"version-history":[{"count":1,"href":"https:\/\/diariodigitalmx.com\/index.php\/wp-json\/wp\/v2\/posts\/5340\/revisions"}],"predecessor-version":[{"id":5341,"href":"https:\/\/diariodigitalmx.com\/index.php\/wp-json\/wp\/v2\/posts\/5340\/revisions\/5341"}],"wp:attachment":[{"href":"https:\/\/diariodigitalmx.com\/index.php\/wp-json\/wp\/v2\/media?parent=5340"}],"wp:term":[{"taxonomy":"category","embeddable":true,"href":"https:\/\/diariodigitalmx.com\/index.php\/wp-json\/wp\/v2\/categories?post=5340"},{"taxonomy":"post_tag","embeddable":true,"href":"https:\/\/diariodigitalmx.com\/index.php\/wp-json\/wp\/v2\/tags?post=5340"}],"curies":[{"name":"wp","href":"https:\/\/api.w.org\/{rel}","templated":true}]}}