{"id":5349,"date":"2019-06-04T13:26:01","date_gmt":"2019-06-04T18:26:01","guid":{"rendered":"http:\/\/diariodigitalmx.com\/?p=5349"},"modified":"2019-10-19T08:34:05","modified_gmt":"2019-10-19T13:34:05","slug":"acepta-presidente-lopez-que-mexico-esta-polarizado","status":"publish","type":"post","link":"https:\/\/diariodigitalmx.com\/index.php\/2019\/06\/04\/acepta-presidente-lopez-que-mexico-esta-polarizado\/","title":{"rendered":"Acepta presidente L\u00f3pez, que M\u00e9xico est\u00e1 polarizado"},"content":{"rendered":"\n<p>Aclar\u00f3 que su lucha es contra la desigualdad y el respeto a los derechos humanos.<\/p>\n\n\n\n<figure class=\"wp-block-image\"><img decoding=\"async\" src=\"http:\/\/www.cronica.com.mx\/nimagenes\/1\/2019-06-04_12-06-49___5728.jpg\" alt=\"S\u00ed he polarizado a la naci\u00f3n, reconoce L\u00f3pez Obrador | La Cr\u00f3nica de Hoy\"\/><\/figure>\n\n\n\n<p>El presidente Andr\u00e9s Manuel L\u00f3pez Obrador reconoci\u00f3 que s\u00ed ha polarizado a la naci\u00f3n porque &#8220;estoy en contra de los corruptos y de la simulaci\u00f3n\u201d, luego de los se\u00f1alamientos del ombudsman nacional, Luis Ra\u00fal Gonz\u00e1lez P\u00e9rez, en ese sentido.<\/p>\n\n\n\n<p>En rueda de prensa en Palacio Nacional, aclar\u00f3 que su lucha es contra la desigualdad y el respeto a los derechos humanos.<\/p>\n\n\n\n\n\n<p>Precis\u00f3 que en una sociedad libre, democr\u00e1tica, siempre habr\u00e1 diferencias y que, en el caso de M\u00e9xico hubo cambios importantes y hay quienes no quieren entender de que ya es otra realidad \u201cy no se resignan y tampoco se actualizan\u201d.<\/p>\n\n\n\n<p>Entonces, \u201cse aferran, cuando la realidad es otra. Mi recomendaci\u00f3n respetuosa es que entiendan que es otra realidad (en M\u00e9xico). Ya no es el tiempo en que se pensaba que el pueblo no contaba o no exist\u00eda\u201d.<\/p>\n\n\n\n<p>O bien, que las decisiones las tomaba una \u00e9lite, \u201ceso ya cambi\u00f3. Ya pueden escribir la columna que sea y la gente tiene una forma de pensar distinta. Hubo un cambio de mentalidad\u201d.<\/p>\n\n\n\n<p>En tal sentido, propuso \u201ctocarles la puerta\u201d o enviarles un correo electr\u00f3nico a quienes se resisten al cambio y, con todo respeto, decirles que ya cambi\u00f3 la realidad en M\u00e9xico. \u201cTe aviso, con todo respeto, que ya cambi\u00f3 la realidad. Ya no hay corrupci\u00f3n ni impunidad tolerada\u201d.<\/p>\n\n\n\n<p>Aclar\u00f3 que el influyent\u00edsimo, la fama o los grados no interesan. \u201cComo, por ejemplo, los cient\u00edficos, los intelectuales que no tienen raz\u00f3n y s\u00ed, a lo mejor, no siquiera son cient\u00edficos \u2013 con todo respeto-. Son administradores de instituciones dedicadas al fomento de la ciencia y de la tecnolog\u00eda\u201d.<\/p>\n","protected":false},"excerpt":{"rendered":"<p>Aclar\u00f3 que su lucha es contra la desigualdad y el respeto a los derechos humanos. El presidente Andr\u00e9s Manuel L\u00f3pez Obrador reconoci\u00f3 que s\u00ed ha polarizado a la naci\u00f3n porque &#8220;estoy en contra de los corruptos y de la simulaci\u00f3n\u201d, luego de los se\u00f1alamientos del ombudsman nacional, Luis Ra\u00fal Gonz\u00e1lez P\u00e9rez, en ese sentido. En [&hellip;]<\/p>\n","protected":false},"author":1,"featured_media":5351,"comment_status":"open","ping_status":"open","sticky":false,"template":"","format":"standard","meta":{"footnotes":""},"categories":[2],"tags":[],"_links":{"self":[{"href":"https:\/\/diariodigitalmx.com\/index.php\/wp-json\/wp\/v2\/posts\/5349"}],"collection":[{"href":"https:\/\/diariodigitalmx.com\/index.php\/wp-json\/wp\/v2\/posts"}],"about":[{"href":"https:\/\/diariodigitalmx.com\/index.php\/wp-json\/wp\/v2\/types\/post"}],"author":[{"embeddable":true,"href":"https:\/\/diariodigitalmx.com\/index.php\/wp-json\/wp\/v2\/users\/1"}],"replies":[{"embeddable":true,"href":"https:\/\/diariodigitalmx.com\/index.php\/wp-json\/wp\/v2\/comments?post=5349"}],"version-history":[{"count":1,"href":"https:\/\/diariodigitalmx.com\/index.php\/wp-json\/wp\/v2\/posts\/5349\/revisions"}],"predecessor-version":[{"id":5350,"href":"https:\/\/diariodigitalmx.com\/index.php\/wp-json\/wp\/v2\/posts\/5349\/revisions\/5350"}],"wp:featuredmedia":[{"embeddable":true,"href":"https:\/\/diariodigitalmx.com\/index.php\/wp-json\/wp\/v2\/media\/5351"}],"wp:attachment":[{"href":"https:\/\/diariodigitalmx.com\/index.php\/wp-json\/wp\/v2\/media?parent=5349"}],"wp:term":[{"taxonomy":"category","embeddable":true,"href":"https:\/\/diariodigitalmx.com\/index.php\/wp-json\/wp\/v2\/categories?post=5349"},{"taxonomy":"post_tag","embeddable":true,"href":"https:\/\/diariodigitalmx.com\/index.php\/wp-json\/wp\/v2\/tags?post=5349"}],"curies":[{"name":"wp","href":"https:\/\/api.w.org\/{rel}","templated":true}]}}