{"id":5356,"date":"2019-06-04T17:59:03","date_gmt":"2019-06-04T22:59:03","guid":{"rendered":"http:\/\/diariodigitalmx.com\/?p=5356"},"modified":"2019-10-18T17:12:25","modified_gmt":"2019-10-18T22:12:25","slug":"aprueba-alcaldia-de-monterrey-20-millones-para-obras-que-benefician-al-tec-de-monterrey","status":"publish","type":"post","link":"https:\/\/diariodigitalmx.com\/index.php\/2019\/06\/04\/aprueba-alcaldia-de-monterrey-20-millones-para-obras-que-benefician-al-tec-de-monterrey\/","title":{"rendered":"Aprueba alcald\u00eda de Monterrey 20 millones para obras que benefician al Tec de Monterrey"},"content":{"rendered":"\n<p>El Municipio de Monterrey instal\u00f3 formalmente el fideicomiso denominado\n\u201cDistrito Tec\u201d, que permitir\u00e1 etiquetar recursos econ\u00f3micos &nbsp;por 20 millones de pesos que ser\u00e1n destinados\na diversas obras en beneficio de los habitantes de la zona sur de la ciudad,\npero principalmente del Tecnol\u00f3gico de Monterrey.<\/p>\n\n\n\n<p>En su primera sesi\u00f3n, los integrantes del Comit\u00e9 del T\u00e9cnico del\nFideicomiso, aprobaron el plan de trabajo, el presupuesto del proyecto y el\nprograma anual de obra, el cual incluye destinar en una primera etapa, 20\nmillones de pesos para ejecutar el proyecto de calle completa en la Avenida del\nEstado.<\/p>\n\n\n\n<p>El Alcalde de Monterrey, Adri\u00e1n de la Garza Santos se\nvanaglori\u00f3 que el Fideicomiso, es un modelo de financiamiento \u00fanico en todo el\npa\u00eds, por lo que podr\u00eda replicarse en los distritos que se encuentran en\nproceso.<\/p>\n\n\n\n<p>\u201cLo que sugiere o que se est\u00e1 estableciendo en este\nFideicomiso que se pueda captar a trav\u00e9s de una f\u00f3rmula que se gener\u00f3, que\nentre m\u00e1s captaci\u00f3n tenga por derechos esa \u00e1rea, invertir en el fortalecimiento\ny en la conformaci\u00f3n de mejoras en el distrito\u201d.<\/p>\n\n\n\n<p>\u201cEs un fideicomiso novedoso, no existe en M\u00e9xico, fue un\ntrabajo que se vino haciendo desde la pasada administraci\u00f3n, incluso se propuso\na la Secretar\u00eda de Hacienda a nivel federal y lo vieron como algo novedoso\ndonde se podr\u00eda incluso arrastrar o asignar recursos federales, porque es\nautosustentable\u201d, apunt\u00f3.<\/p>\n\n\n\n<p>Por su parte, Jos\u00e9 Antonio Torres Medina, miembro del\nComit\u00e9 T\u00e9cnico y directivo del Tecnol\u00f3gico del Monterrey, destac\u00f3 la\ncolaboraci\u00f3n de los vecinos y la autoridad municipal, con el Instituto, para\nllevar a cabo la regeneraci\u00f3n de la zona.<\/p>\n\n\n\n<p>&nbsp;&nbsp;&nbsp;&nbsp;&nbsp;&nbsp;&nbsp;&nbsp;&nbsp;&nbsp;&nbsp; El Tesorero Municipal,\nAntonio Mart\u00ednez Beltr\u00e1n, dio a conocer que el c\u00e1lculo sobre la inversi\u00f3n en\neste Distrito por el sector p\u00fablico y privado supera los 10 mil millones para\nlos pr\u00f3ximos a\u00f1os.<\/p>\n\n\n\n<p>&nbsp;&nbsp;&nbsp;&nbsp;&nbsp;&nbsp;&nbsp;&nbsp;&nbsp;&nbsp;&nbsp; Adem\u00e1s, Mart\u00ednez Beltr\u00e1n\nexplic\u00f3 las bondades de este nuevo sistema de financiamiento, el cual albergar\u00e1\nlos excedentes de la captaci\u00f3n de impuestos, recursos que invertir\u00e1n en obra\np\u00fablica, no solamente en la zona de mayor captaci\u00f3n sino tambi\u00e9n en \u00e1reas\nvulnerables. <\/p>\n\n\n\n<p>Este proyecto integra la regeneraci\u00f3n de las Avenidas del\nEstado, Fernando Garc\u00eda Roel y Ricardo Covarrubias, con una longitud de 2.2\nkil\u00f3metros.<\/p>\n\n\n\n<p>Los trabajos que se realizar\u00e1n en una primera etapa son\nel retiro de cableado a\u00e9reo en la zona para despu\u00e9s seguir con las ampliaciones\nde las banquetas.<\/p>\n\n\n\n<ul class=\"wp-block-gallery columns-1 is-cropped wp-block-gallery-1 is-layout-flex wp-block-gallery-is-layout-flex\"><li class=\"blocks-gallery-item\"><figure><img loading=\"lazy\" decoding=\"async\" width=\"1024\" height=\"546\" src=\"http:\/\/diariodigitalmx.com\/wp-content\/uploads\/2019\/06\/Distrito-Tec-1024x546.jpg\" alt=\"\" data-id=\"5359\" data-link=\"http:\/\/diariodigitalmx.com\/?attachment_id=5359\" class=\"wp-image-5359\" srcset=\"https:\/\/diariodigitalmx.com\/wp-content\/uploads\/2019\/06\/Distrito-Tec-1024x546.jpg 1024w, https:\/\/diariodigitalmx.com\/wp-content\/uploads\/2019\/06\/Distrito-Tec-300x160.jpg 300w, https:\/\/diariodigitalmx.com\/wp-content\/uploads\/2019\/06\/Distrito-Tec-768x410.jpg 768w, https:\/\/diariodigitalmx.com\/wp-content\/uploads\/2019\/06\/Distrito-Tec.jpg 1920w\" sizes=\"(max-width: 1024px) 100vw, 1024px\" \/><\/figure><\/li><\/ul>\n","protected":false},"excerpt":{"rendered":"<p>El Municipio de Monterrey instal\u00f3 formalmente el fideicomiso denominado \u201cDistrito Tec\u201d, que permitir\u00e1 etiquetar recursos econ\u00f3micos &nbsp;por 20 millones de pesos que ser\u00e1n destinados a diversas obras en beneficio de los habitantes de la zona sur de la ciudad, pero principalmente del Tecnol\u00f3gico de Monterrey. En su primera sesi\u00f3n, los integrantes del Comit\u00e9 del T\u00e9cnico [&hellip;]<\/p>\n","protected":false},"author":1,"featured_media":5358,"comment_status":"open","ping_status":"open","sticky":false,"template":"","format":"standard","meta":{"footnotes":""},"categories":[6],"tags":[],"_links":{"self":[{"href":"https:\/\/diariodigitalmx.com\/index.php\/wp-json\/wp\/v2\/posts\/5356"}],"collection":[{"href":"https:\/\/diariodigitalmx.com\/index.php\/wp-json\/wp\/v2\/posts"}],"about":[{"href":"https:\/\/diariodigitalmx.com\/index.php\/wp-json\/wp\/v2\/types\/post"}],"author":[{"embeddable":true,"href":"https:\/\/diariodigitalmx.com\/index.php\/wp-json\/wp\/v2\/users\/1"}],"replies":[{"embeddable":true,"href":"https:\/\/diariodigitalmx.com\/index.php\/wp-json\/wp\/v2\/comments?post=5356"}],"version-history":[{"count":2,"href":"https:\/\/diariodigitalmx.com\/index.php\/wp-json\/wp\/v2\/posts\/5356\/revisions"}],"predecessor-version":[{"id":5360,"href":"https:\/\/diariodigitalmx.com\/index.php\/wp-json\/wp\/v2\/posts\/5356\/revisions\/5360"}],"wp:featuredmedia":[{"embeddable":true,"href":"https:\/\/diariodigitalmx.com\/index.php\/wp-json\/wp\/v2\/media\/5358"}],"wp:attachment":[{"href":"https:\/\/diariodigitalmx.com\/index.php\/wp-json\/wp\/v2\/media?parent=5356"}],"wp:term":[{"taxonomy":"category","embeddable":true,"href":"https:\/\/diariodigitalmx.com\/index.php\/wp-json\/wp\/v2\/categories?post=5356"},{"taxonomy":"post_tag","embeddable":true,"href":"https:\/\/diariodigitalmx.com\/index.php\/wp-json\/wp\/v2\/tags?post=5356"}],"curies":[{"name":"wp","href":"https:\/\/api.w.org\/{rel}","templated":true}]}}