{"id":5373,"date":"2019-06-04T18:35:27","date_gmt":"2019-06-04T23:35:27","guid":{"rendered":"http:\/\/diariodigitalmx.com\/?p=5373"},"modified":"2019-10-18T23:26:28","modified_gmt":"2019-10-19T04:26:28","slug":"mas-carros-usados-para-el-metro","status":"publish","type":"post","link":"https:\/\/diariodigitalmx.com\/index.php\/2019\/06\/04\/mas-carros-usados-para-el-metro\/","title":{"rendered":"M\u00e1s carros usados para el metro"},"content":{"rendered":"\n<p>Jessica Leal<\/p>\n\n\n\n<p>Monterrey, N. L.- Adicionalmente a los 24 carros\nusados del metro que adquiri\u00f3 el gobierno de Nuevo Le\u00f3n, ahora recibir\u00e1 250\nmillones de pesos del gobierno federal para la adquisici\u00f3n de seis&nbsp;vagones&nbsp;tambi\u00e9n\nremanufacturados que ser\u00e1n destinados a la L\u00ednea 2.<\/p>\n\n\n\n<p>De acuerdo al convenio de la transferencia fue\npublicado en el Diario Oficial de la Federaci\u00f3n se especifica que los recursos\nson para ampliar la capacidad del servicio y operaci\u00f3n de la L\u00ednea 2 de\nMetrorrey y los recursos liberados por la Secretar\u00eda de Comunicaciones y Transportes\nno podr\u00e1n ser destinados a otros rubros y se obliga al Estado a rendir un\ninforme mensual del avance que se haya tenido.&nbsp;<\/p>\n\n\n\n<p>&#8220;Ampliar la capacidad del servicio y mejorar la\noperaci\u00f3n de la L\u00ednea 2 del Sistema de Transporte Colectivo Metrorrey mediante\nla puesta en marcha de 6 veh\u00edculos remanufacturados o reconstruidos&#8221;,\nagrega.<\/p>\n\n\n\n<p>Los&nbsp;vagones&nbsp;tienen capacidad para\ntransportar a 300 pasajeros, con motores el\u00e9ctricos, detracci\u00f3n en corriente\nalterna y con regeneraci\u00f3n de energ\u00eda el\u00e9ctrica. Se estima que llegan a la\nciudad en octubre de 2020.<\/p>\n\n\n\n<p>Los veh\u00edculos estar\u00e1n equipados con aire\nacondicionado, 60 asientos anat\u00f3micos, espacio junto a la cabina de conducci\u00f3n\npara ubicar a un usuario en silla de ruedas, iluminaci\u00f3n tipo LED, ventanas\npanor\u00e1micas, sistema de sonorizaci\u00f3n, pasamanos y espacios para informaci\u00f3n y\npublicidad.<\/p>\n\n\n\n<p>Estos&nbsp;vagones&nbsp;est\u00e1n siendo remanufacturados\nen Alemania y son adicionales de los 24 que adquirir\u00e1 el Gobierno Estatal para\nla L\u00ednea 1 y 2.<\/p>\n\n\n\n<p>En agosto de 2018, el gobernador de Nuevo Le\u00f3n, Jaime\nRodr\u00edguez, &nbsp;inform\u00f3 de la adquisici\u00f3n de 24\nvagones remanefacturados (usados) del metro de Frankfurt, Alemania, para incrementar\nla eficiencia del Sistema de Transporte Colectivo Metrorrey, en las l\u00edneas 1 y\n2.<\/p>\n\n\n\n<p>Son de la marca Duewag, modelo \u201cU3\u201d y se comprarn al\ngobierno de Frankfurt, a trav\u00e9s del Organismo Operador del Transporte Masivo de\nla Ciudad VerkehrsGesellschaft Frankfurt, \u201cVGF\u201d a un costo de de 1.6 millones\nde euros por unidad, es decir 38.4 millones de euros en total, los cuales se\npagar\u00e1n con recursos propios, a 30 meses sin intereses.<\/p>\n\n\n\n<p>Los vagones usados tendr\u00e1n una vida \u00fatil de 20 a\u00f1os a\npartir de la nueva puesta en operaci\u00f3n y cuentan con tecnolog\u00eda de punta,\nWI-FI, aire acondicionado, ruedas nuevas, iluminaci\u00f3n LED, pantallas digitales,\nel 100 por ciento del cableado el\u00e9ctrico nuevo, sistema de c\u00e1mara y gasto energ\u00e9tico\nm\u00e1s eficiente.<\/p>\n","protected":false},"excerpt":{"rendered":"<p>Jessica Leal Monterrey, N. L.- Adicionalmente a los 24 carros usados del metro que adquiri\u00f3 el gobierno de Nuevo Le\u00f3n, ahora recibir\u00e1 250 millones de pesos del gobierno federal para la adquisici\u00f3n de seis&nbsp;vagones&nbsp;tambi\u00e9n remanufacturados que ser\u00e1n destinados a la L\u00ednea 2. De acuerdo al convenio de la transferencia fue publicado en el Diario Oficial [&hellip;]<\/p>\n","protected":false},"author":1,"featured_media":5375,"comment_status":"open","ping_status":"open","sticky":false,"template":"","format":"standard","meta":{"footnotes":""},"categories":[6],"tags":[],"_links":{"self":[{"href":"https:\/\/diariodigitalmx.com\/index.php\/wp-json\/wp\/v2\/posts\/5373"}],"collection":[{"href":"https:\/\/diariodigitalmx.com\/index.php\/wp-json\/wp\/v2\/posts"}],"about":[{"href":"https:\/\/diariodigitalmx.com\/index.php\/wp-json\/wp\/v2\/types\/post"}],"author":[{"embeddable":true,"href":"https:\/\/diariodigitalmx.com\/index.php\/wp-json\/wp\/v2\/users\/1"}],"replies":[{"embeddable":true,"href":"https:\/\/diariodigitalmx.com\/index.php\/wp-json\/wp\/v2\/comments?post=5373"}],"version-history":[{"count":1,"href":"https:\/\/diariodigitalmx.com\/index.php\/wp-json\/wp\/v2\/posts\/5373\/revisions"}],"predecessor-version":[{"id":5374,"href":"https:\/\/diariodigitalmx.com\/index.php\/wp-json\/wp\/v2\/posts\/5373\/revisions\/5374"}],"wp:featuredmedia":[{"embeddable":true,"href":"https:\/\/diariodigitalmx.com\/index.php\/wp-json\/wp\/v2\/media\/5375"}],"wp:attachment":[{"href":"https:\/\/diariodigitalmx.com\/index.php\/wp-json\/wp\/v2\/media?parent=5373"}],"wp:term":[{"taxonomy":"category","embeddable":true,"href":"https:\/\/diariodigitalmx.com\/index.php\/wp-json\/wp\/v2\/categories?post=5373"},{"taxonomy":"post_tag","embeddable":true,"href":"https:\/\/diariodigitalmx.com\/index.php\/wp-json\/wp\/v2\/tags?post=5373"}],"curies":[{"name":"wp","href":"https:\/\/api.w.org\/{rel}","templated":true}]}}