{"id":5376,"date":"2019-06-04T18:56:39","date_gmt":"2019-06-04T23:56:39","guid":{"rendered":"http:\/\/diariodigitalmx.com\/?p=5376"},"modified":"2019-10-18T23:25:32","modified_gmt":"2019-10-19T04:25:32","slug":"ante-trump-amlo-se-vio-flojito-el-bronco","status":"publish","type":"post","link":"https:\/\/diariodigitalmx.com\/index.php\/2019\/06\/04\/ante-trump-amlo-se-vio-flojito-el-bronco\/","title":{"rendered":"Ante Trump, AMLO se vi\u00f3 flojito: El Bronco"},"content":{"rendered":"\n<p>Jessica Leal<\/p>\n\n\n\n<p>An\u00e1huac,\nN. L.- \u201c\u00bfEh, \u00bfqu\u00e9 pas\u00f3, \u00bfcu\u00e1l es el problema?\u201d, debe llamarle por tel\u00e9fono a\nTrump, el presidente L\u00f3pez Obrador que se vi\u00f3 \u201cflojitio\u201d ante su similar estadounidense,\ncalifica El Bronco.<\/p>\n\n\n\n<p>&#8220;El presidente Andr\u00e9s Manuel creo que estuvo un poco flojito, debe ser m\u00e1s duro, sin ser grosero. Hay que hablar de t\u00fa a t\u00fa, creo que el presidente Andr\u00e9s Manuel debe echarle una llamada por tel\u00e9fono: \u00bfEh, \u00bfqu\u00e9 pas\u00f3, \u00bfcu\u00e1l es el problema?\u201d, opin\u00f3 Jaime Rodr\u00edguez Calder\u00f3n, gobernador de Nuevo Le\u00f3n.<\/p>\n\n\n\n<p>Se vio muy flojito\nante la amenaza de Donald Trump de imponer un arancel a las exportaciones\nmexicanas y deber\u00eda tener una postura m\u00e1s estricta, recomend\u00f3.<br>\n<br>\n\u201cEl Bronco\u201d, asisti\u00f3 a un evento al puente Internacional Colombia, en el\nmunicipio de &nbsp;An\u00e1huac, unos 200\nkil\u00f3metros al norte de Monterrey donde puntualiz\u00f3 que\nel Gobierno mexicano debe ofrecer acciones a su similar &nbsp;estadounidense para frenar la migraci\u00f3n.<\/p>\n\n\n\n<p>El gobernador habl\u00f3 en relaci\u00f3n al proyecto de Ciudad Fronteriza que el Estado plantea para &nbsp;el poblado de Colombia &nbsp;y que, es una buena opci\u00f3n, seg\u00fan dijo pues en este punto se podr\u00edan generar los empleos suficientes para detener la migraci\u00f3n hacia Estados Unidos.<br> <br> Rodr\u00edguez Calder\u00f3n estuvo en &nbsp;la reuni\u00f3n del Consejo de la Corporaci\u00f3n para el Desarrollo de la Frontera (Codefront), donde tambi\u00e9n asisti\u00f3 el Alcalde de Laredo, Texas, Pete S\u00e1enz, quien tambi\u00e9n se pronunci\u00f3 en contra de los aranceles, pues hay mucha gente, a\u00fan en el Partido Republicano que sugieren no tomar esos pasos.<\/p>\n\n\n\n<p>Subray\u00f3\nel edil de Laredo, Texas que para ellos el comercio es esencial y cualquier\ncosa que sea una disrupci\u00f3n es algo serio.<\/p>\n","protected":false},"excerpt":{"rendered":"<p>Jessica Leal An\u00e1huac, N. L.- \u201c\u00bfEh, \u00bfqu\u00e9 pas\u00f3, \u00bfcu\u00e1l es el problema?\u201d, debe llamarle por tel\u00e9fono a Trump, el presidente L\u00f3pez Obrador que se vi\u00f3 \u201cflojitio\u201d ante su similar estadounidense, califica El Bronco. &#8220;El presidente Andr\u00e9s Manuel creo que estuvo un poco flojito, debe ser m\u00e1s duro, sin ser grosero. Hay que hablar de t\u00fa [&hellip;]<\/p>\n","protected":false},"author":1,"featured_media":5379,"comment_status":"open","ping_status":"open","sticky":false,"template":"","format":"standard","meta":{"footnotes":""},"categories":[6],"tags":[],"_links":{"self":[{"href":"https:\/\/diariodigitalmx.com\/index.php\/wp-json\/wp\/v2\/posts\/5376"}],"collection":[{"href":"https:\/\/diariodigitalmx.com\/index.php\/wp-json\/wp\/v2\/posts"}],"about":[{"href":"https:\/\/diariodigitalmx.com\/index.php\/wp-json\/wp\/v2\/types\/post"}],"author":[{"embeddable":true,"href":"https:\/\/diariodigitalmx.com\/index.php\/wp-json\/wp\/v2\/users\/1"}],"replies":[{"embeddable":true,"href":"https:\/\/diariodigitalmx.com\/index.php\/wp-json\/wp\/v2\/comments?post=5376"}],"version-history":[{"count":3,"href":"https:\/\/diariodigitalmx.com\/index.php\/wp-json\/wp\/v2\/posts\/5376\/revisions"}],"predecessor-version":[{"id":5380,"href":"https:\/\/diariodigitalmx.com\/index.php\/wp-json\/wp\/v2\/posts\/5376\/revisions\/5380"}],"wp:featuredmedia":[{"embeddable":true,"href":"https:\/\/diariodigitalmx.com\/index.php\/wp-json\/wp\/v2\/media\/5379"}],"wp:attachment":[{"href":"https:\/\/diariodigitalmx.com\/index.php\/wp-json\/wp\/v2\/media?parent=5376"}],"wp:term":[{"taxonomy":"category","embeddable":true,"href":"https:\/\/diariodigitalmx.com\/index.php\/wp-json\/wp\/v2\/categories?post=5376"},{"taxonomy":"post_tag","embeddable":true,"href":"https:\/\/diariodigitalmx.com\/index.php\/wp-json\/wp\/v2\/tags?post=5376"}],"curies":[{"name":"wp","href":"https:\/\/api.w.org\/{rel}","templated":true}]}}