{"id":5385,"date":"2019-06-05T12:27:19","date_gmt":"2019-06-05T17:27:19","guid":{"rendered":"http:\/\/diariodigitalmx.com\/?p=5385"},"modified":"2019-10-18T23:26:09","modified_gmt":"2019-10-19T04:26:09","slug":"gana-karina-barron-denuncia-a-omega-deberan-retirar-malla-de-la-estanzuela","status":"publish","type":"post","link":"https:\/\/diariodigitalmx.com\/index.php\/2019\/06\/05\/gana-karina-barron-denuncia-a-omega-deberan-retirar-malla-de-la-estanzuela\/","title":{"rendered":"Gana Karina Barr\u00f3n denuncia a Omega; deber\u00e1n retirar malla de la Estanzuela"},"content":{"rendered":"\n<p><br>Gracias a la denuncia presentada el pasado 9 de mayo, por la diputada de Movimiento Ciudadano, Karina Barr\u00f3n Perales, la Comisi\u00f3n Nacional del Agua orden\u00f3 la remoci\u00f3n de la malla cicl\u00f3nica instalada en el Parque La Estanzuela, por la desarrolladora Omega, al no contar con permisos para ocupar una zona federal y obstruir el cauce del r\u00edo El Calabozo<\/p>\n\n\n\n<p>Seg\u00fan un documento enviado por la dependencia federal, en respuesta a la denuncia presentada el mes pasado, la malla cicl\u00f3nica carece de permisos y se encuentra obstruyendo una zona federal por lo que deber\u00e1 ser retirada en un plazo m\u00e1ximo de 10 d\u00edas, mismo que vence este mi\u00e9rcoles.<\/p>\n\n\n\n<p>En caso de que la desarrolladora Omega haga caso omiso a esta orden, la Conagua proceder\u00e1 a retirar la cerca con apoyo de autoridades estatales o municipales.<\/p>\n\n\n\n<p>Para la Diputada Karina Barr\u00f3n Perales, esto significa un triunfo importante para la ciudadan\u00eda, sin embargo la lucha a\u00fan no concluye, pues todav\u00eda se encuentran en espera de que Conagua confirme si Omega cuenta con \u201cT\u00edtulos de Concesi\u00f3n\u201d para el aprovechamiento de la zona, recordando que se busca construir un desarrollo inmobiliario en el lugar.<\/p>\n\n\n\n<p>\u201cEs un triunfo de la ciudadan\u00eda, sin duda un paso importante en la lucha por proteger la Estanzuela, que es de los pocos pulmones que nos queda en la zona metropolitana. Gracias a la denuncia que present\u00e9 se logr\u00f3 confirmar lo que todos tem\u00edamos, que est\u00e1 desarrolladora Omega, estaba actuado de forma ilegal al instalar est\u00e1s malla cicl\u00f3nica y bloquear una parte del parque La Estanzuela y afectar el cauce del R\u00edo El Calabozo\u201d.<\/p>\n\n\n\n<p>\u201cSin embargo la lucha no acaba aqu\u00ed, recordemos que el tema es que quieren construir un desarrollo inmobiliario en la zona y eso no lo podemos permitir , estamos en espera de que Conagua nos muestre los t\u00edtulos de concesi\u00f3n, que suponemos no existen, y seguiremos trabajando hasta lograr un \u201cblindaje\u201d para el Parque Natural La Estanzuela\u201d, concluy\u00f3 la legisladora local.<\/p>\n\n\n\n<p>Hasta el momento se desconoce si la desarrolladora Omega promovi\u00f3 alg\u00fan recurso de amparo en contra de la resoluci\u00f3n de la Comisi\u00f3n Nacional del Agua, de no ser as\u00ed, la malla cicl\u00f3nica deber\u00e1 ser retirada a la brevedad.<\/p>\n\n\n\n<figure class=\"wp-block-image\"><img loading=\"lazy\" decoding=\"async\" width=\"960\" height=\"640\" src=\"http:\/\/diariodigitalmx.com\/wp-content\/uploads\/2019\/06\/IMG-20190605-WA0005.jpg\" alt=\"\" class=\"wp-image-5389\" srcset=\"https:\/\/diariodigitalmx.com\/wp-content\/uploads\/2019\/06\/IMG-20190605-WA0005.jpg 960w, https:\/\/diariodigitalmx.com\/wp-content\/uploads\/2019\/06\/IMG-20190605-WA0005-300x200.jpg 300w, https:\/\/diariodigitalmx.com\/wp-content\/uploads\/2019\/06\/IMG-20190605-WA0005-768x512.jpg 768w\" sizes=\"(max-width: 960px) 100vw, 960px\" \/><\/figure>\n\n\n\n<figure class=\"wp-block-image\"><img loading=\"lazy\" decoding=\"async\" width=\"1024\" height=\"682\" src=\"http:\/\/diariodigitalmx.com\/wp-content\/uploads\/2019\/06\/MALLA-3-1024x682.jpeg\" alt=\"\" class=\"wp-image-5392\" srcset=\"https:\/\/diariodigitalmx.com\/wp-content\/uploads\/2019\/06\/MALLA-3-1024x682.jpeg 1024w, https:\/\/diariodigitalmx.com\/wp-content\/uploads\/2019\/06\/MALLA-3-300x200.jpeg 300w, https:\/\/diariodigitalmx.com\/wp-content\/uploads\/2019\/06\/MALLA-3-768x512.jpeg 768w, https:\/\/diariodigitalmx.com\/wp-content\/uploads\/2019\/06\/MALLA-3.jpeg 1280w\" sizes=\"(max-width: 1024px) 100vw, 1024px\" \/><\/figure>\n","protected":false},"excerpt":{"rendered":"<p>Gracias a la denuncia presentada el pasado 9 de mayo, por la diputada de Movimiento Ciudadano, Karina Barr\u00f3n Perales, la Comisi\u00f3n Nacional del Agua orden\u00f3 la remoci\u00f3n de la malla cicl\u00f3nica instalada en el Parque La Estanzuela, por la desarrolladora Omega, al no contar con permisos para ocupar una zona federal y obstruir el cauce [&hellip;]<\/p>\n","protected":false},"author":1,"featured_media":5388,"comment_status":"open","ping_status":"open","sticky":false,"template":"","format":"standard","meta":{"footnotes":""},"categories":[6],"tags":[],"_links":{"self":[{"href":"https:\/\/diariodigitalmx.com\/index.php\/wp-json\/wp\/v2\/posts\/5385"}],"collection":[{"href":"https:\/\/diariodigitalmx.com\/index.php\/wp-json\/wp\/v2\/posts"}],"about":[{"href":"https:\/\/diariodigitalmx.com\/index.php\/wp-json\/wp\/v2\/types\/post"}],"author":[{"embeddable":true,"href":"https:\/\/diariodigitalmx.com\/index.php\/wp-json\/wp\/v2\/users\/1"}],"replies":[{"embeddable":true,"href":"https:\/\/diariodigitalmx.com\/index.php\/wp-json\/wp\/v2\/comments?post=5385"}],"version-history":[{"count":4,"href":"https:\/\/diariodigitalmx.com\/index.php\/wp-json\/wp\/v2\/posts\/5385\/revisions"}],"predecessor-version":[{"id":5393,"href":"https:\/\/diariodigitalmx.com\/index.php\/wp-json\/wp\/v2\/posts\/5385\/revisions\/5393"}],"wp:featuredmedia":[{"embeddable":true,"href":"https:\/\/diariodigitalmx.com\/index.php\/wp-json\/wp\/v2\/media\/5388"}],"wp:attachment":[{"href":"https:\/\/diariodigitalmx.com\/index.php\/wp-json\/wp\/v2\/media?parent=5385"}],"wp:term":[{"taxonomy":"category","embeddable":true,"href":"https:\/\/diariodigitalmx.com\/index.php\/wp-json\/wp\/v2\/categories?post=5385"},{"taxonomy":"post_tag","embeddable":true,"href":"https:\/\/diariodigitalmx.com\/index.php\/wp-json\/wp\/v2\/tags?post=5385"}],"curies":[{"name":"wp","href":"https:\/\/api.w.org\/{rel}","templated":true}]}}