{"id":539,"date":"2019-02-26T10:12:06","date_gmt":"2019-02-26T16:12:06","guid":{"rendered":"http:\/\/diariodigitalmx.com\/?p=539"},"modified":"2019-02-26T10:12:07","modified_gmt":"2019-02-26T16:12:07","slug":"la-eleccion-de-la-princesa","status":"publish","type":"post","link":"https:\/\/diariodigitalmx.com\/index.php\/2019\/02\/26\/la-eleccion-de-la-princesa\/","title":{"rendered":"LA ELECCI\u00d3N DE LA PRINCESA"},"content":{"rendered":"\n<p><br>Es muy importante hoy en d\u00eda la diplomacia, el saber c\u00f3mo nos ven desde el exterior, as\u00ed como percatarse que somos una naci\u00f3n digna de pol\u00edticas exteriores que coadyuvan a la gobernanza y a las buenas relaciones con el mundo, trascendiendo y colaborando conjuntamente en muchos aspectos, ya sea culturales, econ\u00f3micos, acad\u00e9micos, profesionales, turismo, entre otros.<br>Estamos convencidos que M\u00e9xico siempre ha optado por la buena relaci\u00f3n y aportaci\u00f3n internacional, siempre orgullosos de nuestro pa\u00eds, enalteciendo las bondades que tenemos y que son mucho m\u00e1s que las deficiencias, pero sobre todo la buena voluntad de poder colaborar con diversas naciones con tres aspectos principales: respeto, car\u00e1cter y colaboraci\u00f3n.<br>Es entonces que en el \u00e1nimo de la buena relaci\u00f3n entre las representaciones diplom\u00e1ticas, el ejecutivo federal, estatal y la canciller\u00eda, deben estar en una l\u00ednea com\u00fan para poder potencializar a nuestro pa\u00eds, as\u00ed como a los propios gobernadores y sus estados que representan, ya que como sabemos, la cultura, gastronom\u00eda, costumbres, dialectos, pr\u00f3ceres, modismos, m\u00fasica, etc. son distintos en el norte, como en el centro o sur de nuestro pa\u00eds, pero todos con una visi\u00f3n integral de estado, la responsabilidad de todos los Gobiernos salvaguardando dos aspectos primordiales, los derechos humanos y la democracia.\u00a0<br>Como es bien sabido, nuestra naci\u00f3n es un referente inmediato cuando hablamos del continente americano, lo que sin duda hace necesario definir posiciones en problem\u00e1ticas internacionales, pero siempre con el respeto y soberan\u00eda de cada naci\u00f3n, recordando que nuestra misma ubicaci\u00f3n geogr\u00e1fica motiv\u00f3 a tener una diplomacia de protecci\u00f3n, derivada de ser vecinos de una naci\u00f3n con ambiciones expansionistas, por lo que durante mucho tiempo una de las pol\u00edticas que se protegieron firmemente era la de no intervenci\u00f3n.<br>Otro ejemplo que tenemos en la historia de la diplomacia mexicana, fueron la intervenciones del siglo XIX, donde Francia, Inglaterra y Espa\u00f1a vieron propicio y oportuno establecer una cabeza de playa para interponerse en la Guerra Civil de EU, favoreciendo el sur e imponiendo a Maximiliano de Habsburgo como emperador de M\u00e9xico, o en la \u00e9poca revolucionaria cuando persegu\u00eda el general John Pershing a Pacho Villa, o cuando quisieron remover a Madero por parte de el embajador Henry Lane Wilson, entre otras, por lo que sin duda nuestra posici\u00f3n nos oblig\u00f3 desde un principio a poner manos a la obra en este tema, derivado de las diversas intervenciones que sufrimos en el transcurso del tiempo.\u00a0\u00a0<br>En el caso de EU, poco a poco M\u00e9xico fue relaj\u00e1ndose con el principio de no intervenci\u00f3n, cuando\u00a0 nos vimos en el necesidad de injerirse en los asuntos internos de ese pa\u00eds, para favorecer a los intereses del nuestro, dando paso as\u00ed al TLC de Am\u00e9rica del Norte.<\/p>\n\n\n\n<p>Por lo que a partir de esa \u00e9poca nuestro pa\u00eds, adquiere una visi\u00f3n totalmente diferente a la no intervenci\u00f3n, adoptando en su totalidad la v\u00eda a favor de los derechos humanos y la \u00e9tica en todas las relaciones internacionales, convencidos que la diplomacia mexicana siempre se cimentar\u00e1 fuera de la violencia y en su caso, la situaci\u00f3n m\u00e1s cruel y dolorosa, de la guerra, por lo que constantemente se buscar\u00e1 la defensa del inter\u00e9s internacional, la cooperaci\u00f3n entre pa\u00edses y la resoluci\u00f3n de conflictos.&nbsp;<br>Estamos convencidos que la cooperaci\u00f3n internacional es un mecanismo o acci\u00f3n eficaz que existe hoy en d\u00eda para lograr todas la necesidades de pol\u00edtica exterior que precisa M\u00e9xico, y en su caso, los propios estados de la rep\u00fablica, que pueden ser grandes aliados en temas espec\u00edficos como cultura, educaci\u00f3n, turismo, as\u00ed como convenios o intercambios que puedan beneficiar a ambas regiones.&nbsp;<br>Estoy seguro que cada estado de la rep\u00fablica tiene sus propias virtudes, costumbres y tradiciones en todos lo \u00e1mbitos, por lo que adem\u00e1s de buscar relaciones a nivel naci\u00f3n, tambi\u00e9n se busca relaciones muy espec\u00edficas, ya que tenemos todo para poder relacionarnos con diversos pa\u00edses representando a M\u00e9xico a trav\u00e9s de alg\u00fan estado, lo que ayuda de manera directa a empujar el turismo y capacidad de todos y cada unos de los integrantes de la federaci\u00f3n.&nbsp;<br>Tal es caso de mi estado, Nuevo Le\u00f3n, que siempre buscando impulsar la econom\u00eda en el exterior, en el mes de agosto fuimos informados en la Representaci\u00f3n del Gobierno del Estado en la Ciudad de M\u00e9xico, por la Secretar\u00eda de Relaciones Exteriores, que la Princesa Astrid de B\u00e9lgica vendr\u00eda a M\u00e9xico y que independientemente de la visita con el titular del Ejecutivo Federal, pretend\u00eda visitar otra entidad. Previo a la visita hubo reuniones con personal de la SRE, donde se realiz\u00f3 un expediente de Nuevo Le\u00f3n, para poder presentarlo a los funcionarios Belgas dentro del paquete de expedientes de varias entidades propuestas, resultando que la Princesa opto por Nuevo Le\u00f3n sobre todos los Estados, lo que sin duda demuestra que en pol\u00edtica exterior nuestro estado es potencia natural para cualquier tipo de colaboraci\u00f3n.<br>Es as\u00ed que el pasado 22 de febrero del a\u00f1o en curso, el Gobernador Jaime Rodr\u00edguez Calder\u00f3n, sostuvo una reuni\u00f3n con su Alteza Real la Princesa Astrid de B\u00e9lgica, fortaleciendo los lazos de amistad y comerciales entre ambos pueblos. Dicha reuni\u00f3n, se realiz\u00f3 en el Palacio de Gobierno, donde la princesa lleg\u00f3 acompa\u00f1ada por una delegaci\u00f3n de m\u00e1s de 100 empresarios de su pa\u00eds, teniendo por objetivo estrechar \u00e1reas de colaboraci\u00f3n para el comercio y la inversi\u00f3n.<br>Un dato muy importante fue que la princesa de B\u00e9lgica est\u00e1 muy interesada en Nuevo Le\u00f3n, para efectos de promover comercio e inversi\u00f3n, principalmente en las \u00e1reas de tecnolog\u00edas para la salud, desarrollo portuario, infraestructura, as\u00ed como desarrollo sustentable y alimentos, por su parte, el Gobernador resalt\u00f3 a la entidad como l\u00edder en la industria y manufactura, destacando en relaci\u00f3n a la inversi\u00f3n directa extranjera; asimismo, dio a conocer que Nuevo Le\u00f3n pretende enviar una delegaci\u00f3n a B\u00e9lgica, para recibir capacitaci\u00f3n en meter\u00eda de estrategias y planes para mejorar el medio ambiente.Por el lado de la gran comitiva que acompa\u00f1\u00f3 a la princesa, los empresario informaron que el objetivo principal de la visita era identificar \u00e1reas de colaboraci\u00f3n y oportunidades para el comercio y la inversi\u00f3n.&nbsp;<br>Cabe mencionar que adem\u00e1s de reunirse con funcionarios del estado, la Princesa tambi\u00e9n se reuni\u00f3 con el presidente Andr\u00e9s Manuel L\u00f3pez Obrador en la Ciudad de M\u00e9xico.<br>Para entender un poco m\u00e1s esta transcendental reuni\u00f3n, es importante mencionar que la princesa&nbsp; Astrid, es la segunda hija del Rey Alberto II y la Reina Paola, el 22 de septiembre de 1984, se cas\u00f3 en Bruselas con Lorenz archiduque de Austria-Este, quien se convirti\u00f3 en pr\u00edncipe de B\u00e9lgica en 1995. \u2028<br>Su Alteza es conocida por su preocupaci\u00f3n por las personas que se han convertido en \u2028ciudadanos marginales por diferentes circunstancias y apoya iniciativas que ofrecen asistencia a quienes necesitan \u2028ayuda, en particular, a madres solteras y a personas que carecen de educaci\u00f3n y habilidades. Como directora honoraria de la fundaci\u00f3n m\u00e9dica Queen Elisabeth Medical Foundation y las fundaciones Cient\u00edficas y M\u00e9dicas de la Fundaci\u00f3n King Baudouin, la princesa Astrid apoya la investigaci\u00f3n cl\u00ednica y b\u00e1sica. Se uni\u00f3 a las Fuerzas Armadas belgas el 22 de mayo de 1997 y es coronel de la Unidad M\u00e9dica. \u2028<br>Es entonces que esta visita es sin duda de gran aportaci\u00f3n para ambas regiones, por un lado una princesa con una gran labor altruista y por el otro un estado con los brazos abiertos a la diplomacia y listo para poder consensuar lazos de amistad, de colaboraci\u00f3n e intercambio comercial, cultural, econ\u00f3mico y social, y no s\u00f3lo con B\u00e9lgica, sino con cualquier naci\u00f3n que comparta sus aspectos principales, la colaboraci\u00f3n, la inversi\u00f3n y el respeto a la soberan\u00eda, es entonces que concluyo escribiendo que \u201cla realidad de Nuevo Le\u00f3n supera a la ficci\u00f3n&#8230;por eso la elecci\u00f3n de la princesa\u201d.<br>WFG\n\n<\/p>\n","protected":false},"excerpt":{"rendered":"<p>Es muy importante hoy en d\u00eda la diplomacia, el saber c\u00f3mo nos ven desde el exterior, as\u00ed como percatarse que somos una naci\u00f3n digna de pol\u00edticas exteriores que coadyuvan a la gobernanza y a las buenas relaciones con el mundo, trascendiendo y colaborando conjuntamente en muchos aspectos, ya sea culturales, econ\u00f3micos, acad\u00e9micos, profesionales, turismo, entre [&hellip;]<\/p>\n","protected":false},"author":1,"featured_media":345,"comment_status":"open","ping_status":"open","sticky":true,"template":"","format":"standard","meta":{"footnotes":""},"categories":[12],"tags":[],"_links":{"self":[{"href":"https:\/\/diariodigitalmx.com\/index.php\/wp-json\/wp\/v2\/posts\/539"}],"collection":[{"href":"https:\/\/diariodigitalmx.com\/index.php\/wp-json\/wp\/v2\/posts"}],"about":[{"href":"https:\/\/diariodigitalmx.com\/index.php\/wp-json\/wp\/v2\/types\/post"}],"author":[{"embeddable":true,"href":"https:\/\/diariodigitalmx.com\/index.php\/wp-json\/wp\/v2\/users\/1"}],"replies":[{"embeddable":true,"href":"https:\/\/diariodigitalmx.com\/index.php\/wp-json\/wp\/v2\/comments?post=539"}],"version-history":[{"count":1,"href":"https:\/\/diariodigitalmx.com\/index.php\/wp-json\/wp\/v2\/posts\/539\/revisions"}],"predecessor-version":[{"id":540,"href":"https:\/\/diariodigitalmx.com\/index.php\/wp-json\/wp\/v2\/posts\/539\/revisions\/540"}],"wp:featuredmedia":[{"embeddable":true,"href":"https:\/\/diariodigitalmx.com\/index.php\/wp-json\/wp\/v2\/media\/345"}],"wp:attachment":[{"href":"https:\/\/diariodigitalmx.com\/index.php\/wp-json\/wp\/v2\/media?parent=539"}],"wp:term":[{"taxonomy":"category","embeddable":true,"href":"https:\/\/diariodigitalmx.com\/index.php\/wp-json\/wp\/v2\/categories?post=539"},{"taxonomy":"post_tag","embeddable":true,"href":"https:\/\/diariodigitalmx.com\/index.php\/wp-json\/wp\/v2\/tags?post=539"}],"curies":[{"name":"wp","href":"https:\/\/api.w.org\/{rel}","templated":true}]}}