{"id":5432,"date":"2019-06-05T17:33:57","date_gmt":"2019-06-05T22:33:57","guid":{"rendered":"http:\/\/diariodigitalmx.com\/?p=5432"},"modified":"2019-10-18T23:22:56","modified_gmt":"2019-10-19T04:22:56","slug":"senadora-de-morena-presume-foto-portando-pistola-monreal-le-dice-que-se-porte-bien","status":"publish","type":"post","link":"https:\/\/diariodigitalmx.com\/index.php\/2019\/06\/05\/senadora-de-morena-presume-foto-portando-pistola-monreal-le-dice-que-se-porte-bien\/","title":{"rendered":"Senadora de Morena presume foto portando pistola; Monreal le dice que se porte bien"},"content":{"rendered":"\n<p>&#8220;Yo no voy a reprender a ning\u00fan legislador, ya est\u00e1n bastante\ngrandes\u201d, dijo el l\u00edder de Morena en la C\u00e1mara Alta<\/p>\n\n\n\n<p><strong>Rafael Ram\u00edrez | El Sol\nde M\u00e9xico&nbsp;<\/strong><\/p>\n\n\n\n<p>Luego que en redes sociales ha circulado una fotograf\u00eda de la\npol\u00e9mica senadora bajacaliforniana Luc\u00eda Trasvi\u00f1a portando un arma en la\ncintura, el coordinador parlamentario de Morena en la C\u00e1mara alta, Ricardo\nMonreal, hizo un llamado a que se porten bien sus compa\u00f1eros de la bancada.<\/p>\n\n\n\n<p>Al ser cuestionado Monreal sobre la fotograf\u00eda de la senadora\nTrasvi\u00f1a, expres\u00f3: &#8220;Yo no voy a reprender a ning\u00fan legislador, ni a\nninguna legisladora, ya est\u00e1n bastante grandes\u201d, dijo.<\/p>\n\n\n\n<p>Agreg\u00f3 que considera que \u201ceso lo\nreprueba la sociedad en muchos de los temas de actitudes de senadores y\ndiputados de todos los partidos\u201d, por lo que record\u00f3 que le dijo a la\nlegisladora \u201cque se porte bien porque nos est\u00e1n vigilando, pero la quiero mucho\ny es una mujer muy aut\u00e9ntica&#8221;.<\/p>\n\n\n\n<p>Monreal tom\u00f3 con humor la fotograf\u00eda\nque se viraliz\u00f3 en redes sociales, y dijo que probablemente el arma era de\npl\u00e1stico o si tendr\u00eda permiso para portarla. &#8220;\u00bfTendr\u00e1 licencia? Habr\u00e1 que\npreguntarle a ella\u201d, y agreg\u00f3, \u201cque se me hace que la compr\u00f3 en Tepito\u201d.<\/p>\n\n\n\n<p>Esta no es la primera vez que la\nsenadora Trasvi\u00f1a se encuentra en medio de una pol\u00e9mica, pues hace unos meses\natac\u00f3 verbalmente desde tribuna a los legisladores de oposici\u00f3n llam\u00e1ndoles:\n\u201cs\u00e1trapas, ratas, entrel\u00facidos y lurios\u201d.<\/p>\n\n\n\n<p>Adem\u00e1s dijo que lamentaba que los\nsenadores de oposici\u00f3n se encontraran en la C\u00e1mara.\u201cNo vamos a permitir\ndescalificaciones porque son unos sinverg\u00fcenzas y unos c\u00ednicos. Lamento que\nest\u00e9n aqu\u00ed en el Senado con esa investidura que no les corresponde\u201d, dijo.<\/p>\n","protected":false},"excerpt":{"rendered":"<p>&#8220;Yo no voy a reprender a ning\u00fan legislador, ya est\u00e1n bastante grandes\u201d, dijo el l\u00edder de Morena en la C\u00e1mara Alta Rafael Ram\u00edrez | El Sol de M\u00e9xico&nbsp; Luego que en redes sociales ha circulado una fotograf\u00eda de la pol\u00e9mica senadora bajacaliforniana Luc\u00eda Trasvi\u00f1a portando un arma en la cintura, el coordinador parlamentario de Morena [&hellip;]<\/p>\n","protected":false},"author":1,"featured_media":5435,"comment_status":"open","ping_status":"open","sticky":false,"template":"","format":"standard","meta":{"footnotes":""},"categories":[2],"tags":[],"_links":{"self":[{"href":"https:\/\/diariodigitalmx.com\/index.php\/wp-json\/wp\/v2\/posts\/5432"}],"collection":[{"href":"https:\/\/diariodigitalmx.com\/index.php\/wp-json\/wp\/v2\/posts"}],"about":[{"href":"https:\/\/diariodigitalmx.com\/index.php\/wp-json\/wp\/v2\/types\/post"}],"author":[{"embeddable":true,"href":"https:\/\/diariodigitalmx.com\/index.php\/wp-json\/wp\/v2\/users\/1"}],"replies":[{"embeddable":true,"href":"https:\/\/diariodigitalmx.com\/index.php\/wp-json\/wp\/v2\/comments?post=5432"}],"version-history":[{"count":2,"href":"https:\/\/diariodigitalmx.com\/index.php\/wp-json\/wp\/v2\/posts\/5432\/revisions"}],"predecessor-version":[{"id":5434,"href":"https:\/\/diariodigitalmx.com\/index.php\/wp-json\/wp\/v2\/posts\/5432\/revisions\/5434"}],"wp:featuredmedia":[{"embeddable":true,"href":"https:\/\/diariodigitalmx.com\/index.php\/wp-json\/wp\/v2\/media\/5435"}],"wp:attachment":[{"href":"https:\/\/diariodigitalmx.com\/index.php\/wp-json\/wp\/v2\/media?parent=5432"}],"wp:term":[{"taxonomy":"category","embeddable":true,"href":"https:\/\/diariodigitalmx.com\/index.php\/wp-json\/wp\/v2\/categories?post=5432"},{"taxonomy":"post_tag","embeddable":true,"href":"https:\/\/diariodigitalmx.com\/index.php\/wp-json\/wp\/v2\/tags?post=5432"}],"curies":[{"name":"wp","href":"https:\/\/api.w.org\/{rel}","templated":true}]}}