{"id":5446,"date":"2019-06-05T17:44:15","date_gmt":"2019-06-05T22:44:15","guid":{"rendered":"http:\/\/diariodigitalmx.com\/?p=5446"},"modified":"2019-06-05T17:45:00","modified_gmt":"2019-06-05T22:45:00","slug":"fitch-baja-nota-de-mexico-y-moodys-revisa-perspectiva-negativa","status":"publish","type":"post","link":"https:\/\/diariodigitalmx.com\/index.php\/2019\/06\/05\/fitch-baja-nota-de-mexico-y-moodys-revisa-perspectiva-negativa\/","title":{"rendered":"Fitch baja nota de M\u00e9xico y Moody&#8217;s  revisa perspectiva negativa"},"content":{"rendered":"\n<p><\/p>\n\n\n\n<p>\n\nLa calificadora Fitch baj\u00f3 este mi\u00e9rcoles la calificaci\u00f3n de M\u00e9xico, de BBB+ a BBB, mientras que Moody&#8217;s revis\u00f3 la perspectiva de la nota soberana del pa\u00eds de estable a negativa, pero mantiene la calificaci\u00f3n en A3.\n\n<\/p>\n","protected":false},"excerpt":{"rendered":"<p>La calificadora Fitch baj\u00f3 este mi\u00e9rcoles la calificaci\u00f3n de M\u00e9xico, de BBB+ a BBB, mientras que Moody&#8217;s revis\u00f3 la perspectiva de la nota soberana del pa\u00eds de estable a negativa, pero mantiene la calificaci\u00f3n en A3.<\/p>\n","protected":false},"author":1,"featured_media":5450,"comment_status":"open","ping_status":"open","sticky":false,"template":"","format":"standard","meta":{"footnotes":""},"categories":[10],"tags":[],"_links":{"self":[{"href":"https:\/\/diariodigitalmx.com\/index.php\/wp-json\/wp\/v2\/posts\/5446"}],"collection":[{"href":"https:\/\/diariodigitalmx.com\/index.php\/wp-json\/wp\/v2\/posts"}],"about":[{"href":"https:\/\/diariodigitalmx.com\/index.php\/wp-json\/wp\/v2\/types\/post"}],"author":[{"embeddable":true,"href":"https:\/\/diariodigitalmx.com\/index.php\/wp-json\/wp\/v2\/users\/1"}],"replies":[{"embeddable":true,"href":"https:\/\/diariodigitalmx.com\/index.php\/wp-json\/wp\/v2\/comments?post=5446"}],"version-history":[{"count":2,"href":"https:\/\/diariodigitalmx.com\/index.php\/wp-json\/wp\/v2\/posts\/5446\/revisions"}],"predecessor-version":[{"id":5448,"href":"https:\/\/diariodigitalmx.com\/index.php\/wp-json\/wp\/v2\/posts\/5446\/revisions\/5448"}],"wp:featuredmedia":[{"embeddable":true,"href":"https:\/\/diariodigitalmx.com\/index.php\/wp-json\/wp\/v2\/media\/5450"}],"wp:attachment":[{"href":"https:\/\/diariodigitalmx.com\/index.php\/wp-json\/wp\/v2\/media?parent=5446"}],"wp:term":[{"taxonomy":"category","embeddable":true,"href":"https:\/\/diariodigitalmx.com\/index.php\/wp-json\/wp\/v2\/categories?post=5446"},{"taxonomy":"post_tag","embeddable":true,"href":"https:\/\/diariodigitalmx.com\/index.php\/wp-json\/wp\/v2\/tags?post=5446"}],"curies":[{"name":"wp","href":"https:\/\/api.w.org\/{rel}","templated":true}]}}