{"id":54460,"date":"2021-04-20T20:56:32","date_gmt":"2021-04-21T01:56:32","guid":{"rendered":"http:\/\/diariodigitalmx.com\/?p=54460"},"modified":"2021-04-20T20:57:20","modified_gmt":"2021-04-21T01:57:20","slug":"dice-obama-que-el-sistema-de-justicia-trata-diferente-a-los-afroamericanos","status":"publish","type":"post","link":"https:\/\/diariodigitalmx.com\/index.php\/2021\/04\/20\/dice-obama-que-el-sistema-de-justicia-trata-diferente-a-los-afroamericanos\/","title":{"rendered":"Dice Obama que el sistema de justicia trata diferente a los afroamericanos"},"content":{"rendered":"\n<p><strong>Por Rogelio Romero, Corresponsal<\/strong><\/p>\n\n\n\n<p><strong>Washington.- El ex presidente Barack Obama elogi\u00f3 el veredicto condenatorio emitido contra el ex policia Derek Chauvin en el caso de homicidio cometido contra&nbsp;&nbsp;George Floyd, pero aclar\u00f3 que la justicia estadounidense sigue tratando a los afroamericanos de manera diferente.<\/strong><\/p>\n\n\n\n<p><strong>Obama quien gobernara al pa\u00eds de 2009 a 2016 se\u00f1al\u00f3 en un comunicado que el y su esposa Michael pensaban que el jurado que emiti\u00f3 el veredicto de culpabilidad en Minneapolis contra Chauvin hizo lo correcto, pero que la justicia verdadera requiere hacer de mucho m\u00e1s.<\/strong><\/p>\n\n\n\n<p><strong>\u201cEnviamos nuestras oraciones a la familia Floyd y nos mantenemos con todos aquellos que est\u00e1n comprometidos en garantizar a cada estadounidense el ejercicio pleno de la justicia que para George y otros hab\u00eda sido negado\u201d, mencion\u00f3 el ex mandatario.<\/strong><\/p>\n\n\n\n<p><strong>Los Obama consideraron el veredicto judicial un paso necesario en el camino hacia el progreso pero que a\u00fan dista mucho de ser suficiente por lo que no puede haber descanso, ademas de que se requieren realizar reformas concretas para eliminar y reducir los prejuicios raciales dentro del sistema penal estadounidense.<\/strong><\/p>\n\n\n\n<p><strong>Agrega la ex pareja presidencial que estas reformas al sistema de justicia permitir\u00edan ampliar las oportunidades econ\u00f3micas&nbsp;&nbsp;de las comunidades marginadas del&nbsp;&nbsp;pa\u00eds.<\/strong><\/p>\n","protected":false},"excerpt":{"rendered":"<p>Por Rogelio Romero, Corresponsal Washington.- El ex presidente Barack Obama elogi\u00f3 el veredicto condenatorio emitido contra el ex policia Derek Chauvin en el caso de homicidio cometido contra&nbsp;&nbsp;George Floyd, pero aclar\u00f3 que la justicia estadounidense sigue tratando a los afroamericanos de manera diferente. Obama quien gobernara al pa\u00eds de 2009 a 2016 se\u00f1al\u00f3 en un [&hellip;]<\/p>\n","protected":false},"author":1,"featured_media":54462,"comment_status":"open","ping_status":"open","sticky":true,"template":"","format":"standard","meta":{"footnotes":""},"categories":[4],"tags":[],"_links":{"self":[{"href":"https:\/\/diariodigitalmx.com\/index.php\/wp-json\/wp\/v2\/posts\/54460"}],"collection":[{"href":"https:\/\/diariodigitalmx.com\/index.php\/wp-json\/wp\/v2\/posts"}],"about":[{"href":"https:\/\/diariodigitalmx.com\/index.php\/wp-json\/wp\/v2\/types\/post"}],"author":[{"embeddable":true,"href":"https:\/\/diariodigitalmx.com\/index.php\/wp-json\/wp\/v2\/users\/1"}],"replies":[{"embeddable":true,"href":"https:\/\/diariodigitalmx.com\/index.php\/wp-json\/wp\/v2\/comments?post=54460"}],"version-history":[{"count":1,"href":"https:\/\/diariodigitalmx.com\/index.php\/wp-json\/wp\/v2\/posts\/54460\/revisions"}],"predecessor-version":[{"id":54461,"href":"https:\/\/diariodigitalmx.com\/index.php\/wp-json\/wp\/v2\/posts\/54460\/revisions\/54461"}],"wp:featuredmedia":[{"embeddable":true,"href":"https:\/\/diariodigitalmx.com\/index.php\/wp-json\/wp\/v2\/media\/54462"}],"wp:attachment":[{"href":"https:\/\/diariodigitalmx.com\/index.php\/wp-json\/wp\/v2\/media?parent=54460"}],"wp:term":[{"taxonomy":"category","embeddable":true,"href":"https:\/\/diariodigitalmx.com\/index.php\/wp-json\/wp\/v2\/categories?post=54460"},{"taxonomy":"post_tag","embeddable":true,"href":"https:\/\/diariodigitalmx.com\/index.php\/wp-json\/wp\/v2\/tags?post=54460"}],"curies":[{"name":"wp","href":"https:\/\/api.w.org\/{rel}","templated":true}]}}