{"id":54878,"date":"2021-04-26T22:32:41","date_gmt":"2021-04-27T03:32:41","guid":{"rendered":"http:\/\/diariodigitalmx.com\/?p=54878"},"modified":"2021-04-26T22:38:31","modified_gmt":"2021-04-27T03:38:31","slug":"propone-oscar-alardin-un-gobierno-transparente-donde-el-ciudadano-sea-prioridad-y-no-los-grupos-de-poder","status":"publish","type":"post","link":"https:\/\/diariodigitalmx.com\/index.php\/2021\/04\/26\/propone-oscar-alardin-un-gobierno-transparente-donde-el-ciudadano-sea-prioridad-y-no-los-grupos-de-poder\/","title":{"rendered":"Propone \u00d3scar Alard\u00edn un gobierno transparente donde el ciudadano sea prioridad y no los grupos de poder"},"content":{"rendered":"\n<p>*El candidato del PES a la Alcald\u00eda de Santa Catarina ofrece una oferta de propuestas viables, sin demagogia<\/p>\n\n\n\n<p>David Casas&nbsp;<\/p>\n\n\n\n<p>Santa Catarina, N. L-&nbsp; En este municipio del poniente de la zona metropolitana regiomontana, el joven \u00d3scar Alard\u00edn va por barrios y colonias, casa por casa con su propuesta en busca de la Alcald\u00eda de Santa Catarina.&nbsp;<\/p>\n\n\n\n<p>&#8220;Ya basta de pol\u00edticos que se escudan en cuatro paredes y creen que detr\u00e1s de un escritorio van a solucionar los problemas que la sociedad demanda&#8221;, dice el candidato del Partido Encuentro Solidario&#8221;, tras escuchar a los vecinos con los que sostiene un di\u00e1logo directo.<\/p>\n\n\n\n<figure class=\"wp-block-image size-large\"><img loading=\"lazy\" decoding=\"async\" width=\"1024\" height=\"768\" src=\"http:\/\/diariodigitalmx.com\/wp-content\/uploads\/2021\/04\/FB_IMG_1618979918372-1024x768.jpg\" alt=\"\" class=\"wp-image-54884\" srcset=\"https:\/\/diariodigitalmx.com\/wp-content\/uploads\/2021\/04\/FB_IMG_1618979918372-1024x768.jpg 1024w, https:\/\/diariodigitalmx.com\/wp-content\/uploads\/2021\/04\/FB_IMG_1618979918372-300x225.jpg 300w, https:\/\/diariodigitalmx.com\/wp-content\/uploads\/2021\/04\/FB_IMG_1618979918372-768x576.jpg 768w, https:\/\/diariodigitalmx.com\/wp-content\/uploads\/2021\/04\/FB_IMG_1618979918372.jpg 1080w\" sizes=\"(max-width: 1024px) 100vw, 1024px\" \/><\/figure>\n\n\n\n<p>En su caminar, Alard\u00edn visita a los vecinos, a los trabajadores y escucha sus inquietudes para juntos, propone, transformar nuestro Municipio.\u00a0<\/p>\n\n\n\n<p>Ha tenido la oportunidad de constatar que siguen los viejos problemas de inseguridad, la contaminaci\u00f3n y el mal servicio del transporte p\u00fablico, los que las autoridades nunca han podido resolver.&nbsp;<\/p>\n\n\n\n<figure class=\"wp-block-image size-large\"><img loading=\"lazy\" decoding=\"async\" width=\"880\" height=\"880\" src=\"http:\/\/diariodigitalmx.com\/wp-content\/uploads\/2021\/04\/FB_IMG_1618980256256.jpg\" alt=\"\" class=\"wp-image-54887\" srcset=\"https:\/\/diariodigitalmx.com\/wp-content\/uploads\/2021\/04\/FB_IMG_1618980256256.jpg 880w, https:\/\/diariodigitalmx.com\/wp-content\/uploads\/2021\/04\/FB_IMG_1618980256256-300x300.jpg 300w, https:\/\/diariodigitalmx.com\/wp-content\/uploads\/2021\/04\/FB_IMG_1618980256256-150x150.jpg 150w, https:\/\/diariodigitalmx.com\/wp-content\/uploads\/2021\/04\/FB_IMG_1618980256256-768x768.jpg 768w\" sizes=\"(max-width: 880px) 100vw, 880px\" \/><\/figure>\n\n\n\n<p>El candidato a la Alcald\u00eda de\u00a0 Santa Catarina establece el compromiso de sus propuestas de campa\u00f1a, entre ellas la implementaci\u00f3n de una polic\u00eda confiable para la poblaci\u00f3n.<\/p>\n\n\n\n<p>&#8220;Pretendemos crear una corporaci\u00f3n confiable, como se sabe, actualmente nuestra polic\u00eda no cuenta, ni siquiera se acerca al n\u00famero determinado de elementos por cada mil habitantes, actualmente sabemos que no hay muchos operativos y la presencia de nuestras autoridades es muy m\u00ednima&#8221;, dice.<\/p>\n\n\n\n<figure class=\"wp-block-image size-large\"><img loading=\"lazy\" decoding=\"async\" width=\"1024\" height=\"768\" src=\"http:\/\/diariodigitalmx.com\/wp-content\/uploads\/2021\/04\/FB_IMG_1618979930604-1024x768.jpg\" alt=\"\" class=\"wp-image-54889\" srcset=\"https:\/\/diariodigitalmx.com\/wp-content\/uploads\/2021\/04\/FB_IMG_1618979930604-1024x768.jpg 1024w, https:\/\/diariodigitalmx.com\/wp-content\/uploads\/2021\/04\/FB_IMG_1618979930604-300x225.jpg 300w, https:\/\/diariodigitalmx.com\/wp-content\/uploads\/2021\/04\/FB_IMG_1618979930604-768x576.jpg 768w, https:\/\/diariodigitalmx.com\/wp-content\/uploads\/2021\/04\/FB_IMG_1618979930604.jpg 1080w\" sizes=\"(max-width: 1024px) 100vw, 1024px\" \/><\/figure>\n\n\n\n<p>En el tema de la contaminaci\u00f3n, Alard\u00edn propone establecer condiciones aptas para el medio ambiente, a trav\u00e9s de programas concretos y trabajo conjunto con los especialistas y ecologistas.&nbsp;<\/p>\n\n\n\n<p>El candidato tuvo encuentros con propietarios de las empresas pedreras, para conocer su forma de trabajo y postura.<\/p>\n\n\n\n<p>&#8220;Nos toca trabajar de la mano con las empresas, para tratar de crear condiciones aptas, supervisar quienes emiten gases contaminantes, tambi\u00e9n las pedreras igual hemos tenido acercamientos con algunos, los cuales nos han explicado cu\u00e1l es su proceso y cu\u00e1les son las part\u00edculas que ellos expiden&#8221;.<\/p>\n\n\n\n<figure class=\"wp-block-gallery columns-2 is-cropped wp-block-gallery-1 is-layout-flex wp-block-gallery-is-layout-flex\"><ul class=\"blocks-gallery-grid\"><li class=\"blocks-gallery-item\"><figure><img loading=\"lazy\" decoding=\"async\" width=\"1024\" height=\"768\" src=\"http:\/\/diariodigitalmx.com\/wp-content\/uploads\/2021\/04\/FB_IMG_1618980123455-1024x768.jpg\" alt=\"\" data-id=\"54892\" data-full-url=\"http:\/\/diariodigitalmx.com\/wp-content\/uploads\/2021\/04\/FB_IMG_1618980123455.jpg\" data-link=\"http:\/\/diariodigitalmx.com\/index.php\/2021\/04\/26\/propone-oscar-alardin-un-gobierno-transparente-donde-el-ciudadano-sea-prioridad-y-no-los-grupos-de-poder\/fb_img_1618980123455\/\" class=\"wp-image-54892\" srcset=\"https:\/\/diariodigitalmx.com\/wp-content\/uploads\/2021\/04\/FB_IMG_1618980123455-1024x768.jpg 1024w, https:\/\/diariodigitalmx.com\/wp-content\/uploads\/2021\/04\/FB_IMG_1618980123455-300x225.jpg 300w, https:\/\/diariodigitalmx.com\/wp-content\/uploads\/2021\/04\/FB_IMG_1618980123455-768x576.jpg 768w, https:\/\/diariodigitalmx.com\/wp-content\/uploads\/2021\/04\/FB_IMG_1618980123455.jpg 1080w\" sizes=\"(max-width: 1024px) 100vw, 1024px\" \/><\/figure><\/li><li class=\"blocks-gallery-item\"><figure><img loading=\"lazy\" decoding=\"async\" width=\"1024\" height=\"768\" src=\"http:\/\/diariodigitalmx.com\/wp-content\/uploads\/2021\/04\/FB_IMG_1618980175998-1024x768.jpg\" alt=\"\" data-id=\"54893\" data-full-url=\"http:\/\/diariodigitalmx.com\/wp-content\/uploads\/2021\/04\/FB_IMG_1618980175998.jpg\" data-link=\"http:\/\/diariodigitalmx.com\/index.php\/2021\/04\/26\/propone-oscar-alardin-un-gobierno-transparente-donde-el-ciudadano-sea-prioridad-y-no-los-grupos-de-poder\/fb_img_1618980175998\/\" class=\"wp-image-54893\" srcset=\"https:\/\/diariodigitalmx.com\/wp-content\/uploads\/2021\/04\/FB_IMG_1618980175998-1024x768.jpg 1024w, https:\/\/diariodigitalmx.com\/wp-content\/uploads\/2021\/04\/FB_IMG_1618980175998-300x225.jpg 300w, https:\/\/diariodigitalmx.com\/wp-content\/uploads\/2021\/04\/FB_IMG_1618980175998-768x576.jpg 768w, https:\/\/diariodigitalmx.com\/wp-content\/uploads\/2021\/04\/FB_IMG_1618980175998.jpg 1080w\" sizes=\"(max-width: 1024px) 100vw, 1024px\" \/><\/figure><\/li><\/ul><\/figure>\n\n\n\n<p>\u200cEn transporte p\u00fablico, plantear\u00e1 al Estado una gestor\u00eda para que las rutas urbanas lleguen a las colonias donde no cuentan con el servicio.<\/p>\n\n\n\n<figure class=\"wp-block-image size-large\"><img loading=\"lazy\" decoding=\"async\" width=\"610\" height=\"457\" src=\"http:\/\/diariodigitalmx.com\/wp-content\/uploads\/2021\/04\/FB_IMG_1618980109595.jpg\" alt=\"\" class=\"wp-image-54895\" srcset=\"https:\/\/diariodigitalmx.com\/wp-content\/uploads\/2021\/04\/FB_IMG_1618980109595.jpg 610w, https:\/\/diariodigitalmx.com\/wp-content\/uploads\/2021\/04\/FB_IMG_1618980109595-300x225.jpg 300w\" sizes=\"(max-width: 610px) 100vw, 610px\" \/><\/figure>\n\n\n\n<p>&#8220;En estos \u00faltimos a\u00f1os se han modificado mucho las rutas en el transporte urbano, lo cual nosotros pretendemos hacer la gestor\u00eda ante el Instituto de Movilidad y Accesibilidad, para tratar de plantear el acceso a colonias donde antes hab\u00eda presencia y que actualmente ya no&#8221;, subraya.<\/p>\n\n\n\n<p>\u200cSanta Catarina necesita un gobierno donde la prioridad sea el ciudadano y no sus compromisos pol\u00edticos y personales, puntualiza \u00d3scar Alard\u00edn.<\/p>\n","protected":false},"excerpt":{"rendered":"<p>*El candidato del PES a la Alcald\u00eda de Santa Catarina ofrece una oferta de propuestas viables, sin demagogia David Casas&nbsp; Santa Catarina, N. L-&nbsp; En este municipio del poniente de la zona metropolitana regiomontana, el joven \u00d3scar Alard\u00edn va por barrios y colonias, casa por casa con su propuesta en busca de la Alcald\u00eda de [&hellip;]<\/p>\n","protected":false},"author":1,"featured_media":54883,"comment_status":"open","ping_status":"open","sticky":true,"template":"","format":"standard","meta":{"footnotes":""},"categories":[6,5],"tags":[],"_links":{"self":[{"href":"https:\/\/diariodigitalmx.com\/index.php\/wp-json\/wp\/v2\/posts\/54878"}],"collection":[{"href":"https:\/\/diariodigitalmx.com\/index.php\/wp-json\/wp\/v2\/posts"}],"about":[{"href":"https:\/\/diariodigitalmx.com\/index.php\/wp-json\/wp\/v2\/types\/post"}],"author":[{"embeddable":true,"href":"https:\/\/diariodigitalmx.com\/index.php\/wp-json\/wp\/v2\/users\/1"}],"replies":[{"embeddable":true,"href":"https:\/\/diariodigitalmx.com\/index.php\/wp-json\/wp\/v2\/comments?post=54878"}],"version-history":[{"count":8,"href":"https:\/\/diariodigitalmx.com\/index.php\/wp-json\/wp\/v2\/posts\/54878\/revisions"}],"predecessor-version":[{"id":54896,"href":"https:\/\/diariodigitalmx.com\/index.php\/wp-json\/wp\/v2\/posts\/54878\/revisions\/54896"}],"wp:featuredmedia":[{"embeddable":true,"href":"https:\/\/diariodigitalmx.com\/index.php\/wp-json\/wp\/v2\/media\/54883"}],"wp:attachment":[{"href":"https:\/\/diariodigitalmx.com\/index.php\/wp-json\/wp\/v2\/media?parent=54878"}],"wp:term":[{"taxonomy":"category","embeddable":true,"href":"https:\/\/diariodigitalmx.com\/index.php\/wp-json\/wp\/v2\/categories?post=54878"},{"taxonomy":"post_tag","embeddable":true,"href":"https:\/\/diariodigitalmx.com\/index.php\/wp-json\/wp\/v2\/tags?post=54878"}],"curies":[{"name":"wp","href":"https:\/\/api.w.org\/{rel}","templated":true}]}}