{"id":55271,"date":"2021-05-01T23:48:41","date_gmt":"2021-05-02T04:48:41","guid":{"rendered":"http:\/\/diariodigitalmx.com\/?p=55271"},"modified":"2021-05-02T00:04:40","modified_gmt":"2021-05-02T05:04:40","slug":"espera-croc-de-nl-que-el-pais-tenga-crecimiento-economico-y-se-recuperen-los-empleos-con-buenos-sueldos","status":"publish","type":"post","link":"https:\/\/diariodigitalmx.com\/index.php\/2021\/05\/01\/espera-croc-de-nl-que-el-pais-tenga-crecimiento-economico-y-se-recuperen-los-empleos-con-buenos-sueldos\/","title":{"rendered":"Espera CROC de NL, que el pa\u00eds tenga crecimiento econ\u00f3mico y se recuperen los empleos con buenos sueldos"},"content":{"rendered":"\n<p>*As\u00ed recuerdan a los M\u00e1rtires de Cananea y R\u00edo Blanco<\/p>\n\n\n\n<p>Los trabajadores llegaron a otro D\u00eda del Trabajo con desempleo, bajo crecimiento econ\u00f3mico, trabajos con remuneraci\u00f3n baja y falta de incentivos para aprovechar su creatividad para que sean micro y peque\u00f1os empresarios que creen fuentes laborales.&nbsp;<\/p>\n\n\n\n<p>As\u00ed lo considera Osvaldo Serna Serv\u00edn, secretario general de la Federaci\u00f3n Estatal de Sindicatos de Trabajadores del Autotransporte, de la CROC de Nuevo Le\u00f3n al conmemorarse un a\u00f1o m\u00e1s de la gesta de Cananea y R\u00edo Blanco.<\/p>\n\n\n\n<figure class=\"wp-block-image size-large\"><img loading=\"lazy\" decoding=\"async\" width=\"685\" height=\"448\" src=\"http:\/\/diariodigitalmx.com\/wp-content\/uploads\/2021\/05\/images-1.jpeg\" alt=\"\" class=\"wp-image-55277\" srcset=\"https:\/\/diariodigitalmx.com\/wp-content\/uploads\/2021\/05\/images-1.jpeg 685w, https:\/\/diariodigitalmx.com\/wp-content\/uploads\/2021\/05\/images-1-300x196.jpeg 300w\" sizes=\"(max-width: 685px) 100vw, 685px\" \/><\/figure>\n\n\n\n<p>Considera que la pandemia vino a impactar en las fuentes de trabajo y en la clase trabajadora, en tanto las estad\u00edsticas se\u00f1alan que se recuperan empleos pero con bajos salarios a nivel nacional, aunque Nuevo Le\u00f3n ha sido la excepci\u00f3n al lograr sueldos por arriba de los mininos.&nbsp;<\/p>\n\n\n\n<p>El dirigente transportista explica que en la entidad con la pandemia se fren\u00f3 el avance que se ten\u00eda en el cambio de permisionarios a microempresarios de los trabajadores del volante, principalmente del sistema camionero. &#8220;La pandemia paraliz\u00f3 el cambio, mientras los cr\u00e9ditos siguen caros y escasos, las refacciones y energ\u00e9ticos est\u00e1n tambi\u00e9n a la alza y no hay condiciones para continuar por el momento&#8221;, menciona.<\/p>\n\n\n\n<figure class=\"wp-block-image size-large\"><img loading=\"lazy\" decoding=\"async\" width=\"970\" height=\"660\" src=\"http:\/\/diariodigitalmx.com\/wp-content\/uploads\/2021\/05\/c4edb6cb-898b-43df-b793-e771bf6dd0dc.jpg\" alt=\"\" class=\"wp-image-55282\" srcset=\"https:\/\/diariodigitalmx.com\/wp-content\/uploads\/2021\/05\/c4edb6cb-898b-43df-b793-e771bf6dd0dc.jpg 970w, https:\/\/diariodigitalmx.com\/wp-content\/uploads\/2021\/05\/c4edb6cb-898b-43df-b793-e771bf6dd0dc-300x204.jpg 300w, https:\/\/diariodigitalmx.com\/wp-content\/uploads\/2021\/05\/c4edb6cb-898b-43df-b793-e771bf6dd0dc-768x523.jpg 768w\" sizes=\"(max-width: 970px) 100vw, 970px\" \/><\/figure>\n\n\n\n<p>La FESTA, el sindicato que preside est\u00e1 adherido a la Federaci\u00f3n Revolucionaria de Obreros y Campesinos (FROC) que dirige C\u00e9sar Serna de Le\u00f3n, central obrera que evoluciona y se adapta a los nuevos tiempos y al sindicalismo moderno del Siglo 21.<\/p>\n\n\n\n<figure class=\"wp-block-image size-large\"><img loading=\"lazy\" decoding=\"async\" width=\"691\" height=\"443\" src=\"http:\/\/diariodigitalmx.com\/wp-content\/uploads\/2021\/05\/images-4.jpeg\" alt=\"\" class=\"wp-image-55290\" srcset=\"https:\/\/diariodigitalmx.com\/wp-content\/uploads\/2021\/05\/images-4.jpeg 691w, https:\/\/diariodigitalmx.com\/wp-content\/uploads\/2021\/05\/images-4-300x192.jpeg 300w\" sizes=\"(max-width: 691px) 100vw, 691px\" \/><\/figure>\n\n\n\n<p>&#8220;Desde la \u00faltima d\u00e9cada del siglo 20, se inici\u00f3 el proceso de modernizaci\u00f3n con Agust\u00edn Serna Serv\u00edn, (l\u00edder obrero fallecido) quien le apost\u00f3 a la educaci\u00f3n con el Instituto Universitario Tecnol\u00f3gico de los Trabajadores (IUTT), a la tecnolog\u00eda, a las aplicaciones en los taxis y rutas urbanas&#8221;.<\/p>\n\n\n\n<figure class=\"wp-block-image size-large\"><img loading=\"lazy\" decoding=\"async\" width=\"736\" height=\"416\" src=\"http:\/\/diariodigitalmx.com\/wp-content\/uploads\/2021\/05\/images-3.jpeg\" alt=\"\" class=\"wp-image-55284\" srcset=\"https:\/\/diariodigitalmx.com\/wp-content\/uploads\/2021\/05\/images-3.jpeg 736w, https:\/\/diariodigitalmx.com\/wp-content\/uploads\/2021\/05\/images-3-300x170.jpeg 300w\" sizes=\"(max-width: 736px) 100vw, 736px\" \/><\/figure>\n\n\n\n<p>&#8220;Hoy la FROC est\u00e1 inmersa en estos cambios tecnol\u00f3gicos y en el nuevo sindicalismo de transparencia y democracia sindical, as\u00ed como la relaci\u00f3n con las autoridades laborales y los empresarios, como lo ha avalado el gobierno&#8221;, a\u00f1ade Serna.&nbsp;<\/p>\n\n\n\n<p>El dirigente sindical tiene confianza en que la recuperaci\u00f3n econ\u00f3mica de Estados Unidos, el principal socio comercial de M\u00e9xico, permita al pa\u00eds tambi\u00e9n crecer y apuntalar entre cuatro y cinco por ciento que se ha pronosticado para este a\u00f1o.&nbsp;<\/p>\n\n\n\n<p>La CROC neolonesa fue la primera en dejar de salir a desfilar a finales del siglo pasado, y decidi\u00f3 honrar a los m\u00e1rtires con el recuerdo a su lucha y continuar por mejorar las relaciones obrero patronales y gobierno, aumentar la productividad y mejorar salarios.&nbsp;<\/p>\n\n\n\n<figure class=\"wp-block-image size-large\"><img loading=\"lazy\" decoding=\"async\" width=\"350\" height=\"365\" src=\"http:\/\/diariodigitalmx.com\/wp-content\/uploads\/2021\/05\/images-32.jpeg\" alt=\"\" class=\"wp-image-55280\" srcset=\"https:\/\/diariodigitalmx.com\/wp-content\/uploads\/2021\/05\/images-32.jpeg 350w, https:\/\/diariodigitalmx.com\/wp-content\/uploads\/2021\/05\/images-32-288x300.jpeg 288w\" sizes=\"(max-width: 350px) 100vw, 350px\" \/><\/figure>\n\n\n\n<figure class=\"wp-block-image size-large\"><img loading=\"lazy\" decoding=\"async\" width=\"712\" height=\"431\" src=\"http:\/\/diariodigitalmx.com\/wp-content\/uploads\/2021\/05\/images-5.jpeg\" alt=\"\" class=\"wp-image-55288\" srcset=\"https:\/\/diariodigitalmx.com\/wp-content\/uploads\/2021\/05\/images-5.jpeg 712w, https:\/\/diariodigitalmx.com\/wp-content\/uploads\/2021\/05\/images-5-300x182.jpeg 300w\" sizes=\"(max-width: 712px) 100vw, 712px\" \/><\/figure>\n\n\n\n<p>Finalmente, Osvaldo Serna rindi\u00f3 homenaje a los l\u00edderes que dejaron legado sindical al frente de la CROC como Agust\u00edn Serna Serv\u00edn, Agust\u00edn Serna Mendoza, Eleazar Ruiz Cerda, Jos\u00e9 Gonz\u00e1lez Alvarado, Eleazar Ruiz Cerda, Alfredo Ju\u00e1rez Lara, Encarnaci\u00f3n Espinosa y Ram\u00f3n Serna Serv\u00edn entre otros, sin olvidar a nivel nacional a Alberto Ju\u00e1rez Blancas. <\/p>\n","protected":false},"excerpt":{"rendered":"<p>*As\u00ed recuerdan a los M\u00e1rtires de Cananea y R\u00edo Blanco Los trabajadores llegaron a otro D\u00eda del Trabajo con desempleo, bajo crecimiento econ\u00f3mico, trabajos con remuneraci\u00f3n baja y falta de incentivos para aprovechar su creatividad para que sean micro y peque\u00f1os empresarios que creen fuentes laborales.&nbsp; As\u00ed lo considera Osvaldo Serna Serv\u00edn, secretario general de [&hellip;]<\/p>\n","protected":false},"author":1,"featured_media":55275,"comment_status":"open","ping_status":"open","sticky":true,"template":"","format":"standard","meta":{"footnotes":""},"categories":[6,3],"tags":[],"_links":{"self":[{"href":"https:\/\/diariodigitalmx.com\/index.php\/wp-json\/wp\/v2\/posts\/55271"}],"collection":[{"href":"https:\/\/diariodigitalmx.com\/index.php\/wp-json\/wp\/v2\/posts"}],"about":[{"href":"https:\/\/diariodigitalmx.com\/index.php\/wp-json\/wp\/v2\/types\/post"}],"author":[{"embeddable":true,"href":"https:\/\/diariodigitalmx.com\/index.php\/wp-json\/wp\/v2\/users\/1"}],"replies":[{"embeddable":true,"href":"https:\/\/diariodigitalmx.com\/index.php\/wp-json\/wp\/v2\/comments?post=55271"}],"version-history":[{"count":11,"href":"https:\/\/diariodigitalmx.com\/index.php\/wp-json\/wp\/v2\/posts\/55271\/revisions"}],"predecessor-version":[{"id":55291,"href":"https:\/\/diariodigitalmx.com\/index.php\/wp-json\/wp\/v2\/posts\/55271\/revisions\/55291"}],"wp:featuredmedia":[{"embeddable":true,"href":"https:\/\/diariodigitalmx.com\/index.php\/wp-json\/wp\/v2\/media\/55275"}],"wp:attachment":[{"href":"https:\/\/diariodigitalmx.com\/index.php\/wp-json\/wp\/v2\/media?parent=55271"}],"wp:term":[{"taxonomy":"category","embeddable":true,"href":"https:\/\/diariodigitalmx.com\/index.php\/wp-json\/wp\/v2\/categories?post=55271"},{"taxonomy":"post_tag","embeddable":true,"href":"https:\/\/diariodigitalmx.com\/index.php\/wp-json\/wp\/v2\/tags?post=55271"}],"curies":[{"name":"wp","href":"https:\/\/api.w.org\/{rel}","templated":true}]}}