{"id":5537,"date":"2019-06-07T05:50:34","date_gmt":"2019-06-07T10:50:34","guid":{"rendered":"http:\/\/diariodigitalmx.com\/?p=5537"},"modified":"2019-10-18T23:19:10","modified_gmt":"2019-10-19T04:19:10","slug":"pese-a-amenazas-de-trump-bmw-abre-planta-en-mexico","status":"publish","type":"post","link":"https:\/\/diariodigitalmx.com\/index.php\/2019\/06\/07\/pese-a-amenazas-de-trump-bmw-abre-planta-en-mexico\/","title":{"rendered":"Pese a amenazas de Trump, BMW abre planta en M\u00e9xico"},"content":{"rendered":"\n<p>BMW Group inaugur\u00f3 la nueva planta automotriz en San Luis Potos\u00ed, a pesar de las amenazas del gobierno de Estados Unidos de imponer aranceles a los productos mexicanos.&nbsp;<\/p>\n\n\n\n<p>Oliver Zipse, miembro del Consejo de Administraci\u00f3n de BMW AG para Producci\u00f3n, se\u00f1al\u00f3 que la nueva planta es un pilar importante de la estrategia de producci\u00f3n global de BMW Group.<\/p>\n\n\n\n\n\n<p>\u201cLa planta de San Luis Potos\u00ed aumentar\u00e1 significativamente nuestra flexibilidad de producci\u00f3n regional en las Am\u00e9ricas. Desde aqu\u00ed surtiremos al mercado mundial con el BMW Serie 3 Sed\u00e1n producido localmente&#8221;, expuso.<\/p>\n\n\n\n<p>De acuerdo con informaci\u00f3n de BMW, la empresa ha invertido m\u00e1s de mil millones de d\u00f3lares en la nueva planta de producci\u00f3n que emplea a unas dos mil 500 personas.<\/p>\n\n\n\n<p>Una vez que concluya la fase de puesta en marcha, la planta tendr\u00e1 una capacidad de hasta 175 mil unidades al a\u00f1o.<\/p>\n\n\n\n<p>El jueves de la semana pasada, el presidente Donald Trump anunci\u00f3 la aplicaci\u00f3n de aranceles a productos mexicanos que iniciar\u00eda el pr\u00f3ximo 10 de junio con 5.0 por ciento y podr\u00eda llegar hasta 25 por ciento en octubre.<\/p>\n\n\n\n<p>Los especialistas han se\u00f1alado que la industria automotriz ser\u00eda una de las m\u00e1s afectadas, ya que Estados Unidos es el mayor socio comercial de M\u00e9xico en esta industria.<\/p>\n","protected":false},"excerpt":{"rendered":"<p>BMW Group inaugur\u00f3 la nueva planta automotriz en San Luis Potos\u00ed, a pesar de las amenazas del gobierno de Estados Unidos de imponer aranceles a los productos mexicanos.&nbsp; Oliver Zipse, miembro del Consejo de Administraci\u00f3n de BMW AG para Producci\u00f3n, se\u00f1al\u00f3 que la nueva planta es un pilar importante de la estrategia de producci\u00f3n global [&hellip;]<\/p>\n","protected":false},"author":1,"featured_media":5539,"comment_status":"open","ping_status":"open","sticky":true,"template":"","format":"standard","meta":{"footnotes":""},"categories":[2],"tags":[],"_links":{"self":[{"href":"https:\/\/diariodigitalmx.com\/index.php\/wp-json\/wp\/v2\/posts\/5537"}],"collection":[{"href":"https:\/\/diariodigitalmx.com\/index.php\/wp-json\/wp\/v2\/posts"}],"about":[{"href":"https:\/\/diariodigitalmx.com\/index.php\/wp-json\/wp\/v2\/types\/post"}],"author":[{"embeddable":true,"href":"https:\/\/diariodigitalmx.com\/index.php\/wp-json\/wp\/v2\/users\/1"}],"replies":[{"embeddable":true,"href":"https:\/\/diariodigitalmx.com\/index.php\/wp-json\/wp\/v2\/comments?post=5537"}],"version-history":[{"count":2,"href":"https:\/\/diariodigitalmx.com\/index.php\/wp-json\/wp\/v2\/posts\/5537\/revisions"}],"predecessor-version":[{"id":5540,"href":"https:\/\/diariodigitalmx.com\/index.php\/wp-json\/wp\/v2\/posts\/5537\/revisions\/5540"}],"wp:featuredmedia":[{"embeddable":true,"href":"https:\/\/diariodigitalmx.com\/index.php\/wp-json\/wp\/v2\/media\/5539"}],"wp:attachment":[{"href":"https:\/\/diariodigitalmx.com\/index.php\/wp-json\/wp\/v2\/media?parent=5537"}],"wp:term":[{"taxonomy":"category","embeddable":true,"href":"https:\/\/diariodigitalmx.com\/index.php\/wp-json\/wp\/v2\/categories?post=5537"},{"taxonomy":"post_tag","embeddable":true,"href":"https:\/\/diariodigitalmx.com\/index.php\/wp-json\/wp\/v2\/tags?post=5537"}],"curies":[{"name":"wp","href":"https:\/\/api.w.org\/{rel}","templated":true}]}}