{"id":55561,"date":"2021-05-05T20:01:03","date_gmt":"2021-05-06T01:01:03","guid":{"rendered":"http:\/\/diariodigitalmx.com\/?p=55561"},"modified":"2021-05-05T20:04:07","modified_gmt":"2021-05-06T01:04:07","slug":"samuel-es-el-candidato-de-amlo-adrian-de-la-garza","status":"publish","type":"post","link":"https:\/\/diariodigitalmx.com\/index.php\/2021\/05\/05\/samuel-es-el-candidato-de-amlo-adrian-de-la-garza\/","title":{"rendered":"Samuel es el candidato de AMLO: Adri\u00e1n de la Garza"},"content":{"rendered":"\n<p>Monterrey &#8211; Samuel y AMLO son lo mismo, dijo este mi\u00e9rcoles el candidato de la coalici\u00f3n PRI-PRD al gobierno del Estado, Adri\u00e1n de la Garza Santos, cuando los representantes de los medios de comunicaci\u00f3n le cuestionaron sobre las cr\u00edticas que el Presidente de la Rep\u00fablica lanz\u00f3 hoy sobre su programa de \u201cTarjeta Mujer Fuerte\u201d.<\/p>\n\n\n\n<p>En la conferencia ma\u00f1anera, Andr\u00e9s Manuel L\u00f3pez Obrador, sin nombrar al aspirante, denunci\u00f3 que est\u00e1 comprando votos con su proyecto de tarjeta \u201ccolor de rosa\u201d donde ofrece mil 500 pesos bimestrales a cambio de que lo elijan como gobernador.&nbsp;<\/p>\n\n\n\n<figure class=\"wp-block-image size-large\"><img loading=\"lazy\" decoding=\"async\" width=\"1024\" height=\"682\" src=\"http:\/\/diariodigitalmx.com\/wp-content\/uploads\/2021\/05\/PHOTO-2021-05-05-13-37-24-1024x682.jpg\" alt=\"\" class=\"wp-image-55566\" srcset=\"https:\/\/diariodigitalmx.com\/wp-content\/uploads\/2021\/05\/PHOTO-2021-05-05-13-37-24-1024x682.jpg 1024w, https:\/\/diariodigitalmx.com\/wp-content\/uploads\/2021\/05\/PHOTO-2021-05-05-13-37-24-300x200.jpg 300w, https:\/\/diariodigitalmx.com\/wp-content\/uploads\/2021\/05\/PHOTO-2021-05-05-13-37-24-768x512.jpg 768w, https:\/\/diariodigitalmx.com\/wp-content\/uploads\/2021\/05\/PHOTO-2021-05-05-13-37-24-1536x1023.jpg 1536w, https:\/\/diariodigitalmx.com\/wp-content\/uploads\/2021\/05\/PHOTO-2021-05-05-13-37-24.jpg 1600w\" sizes=\"(max-width: 1024px) 100vw, 1024px\" \/><\/figure>\n\n\n\n<p>De la Garza rechaz\u00f3 tajantemente esta acusaci\u00f3n record\u00f3 que el programa tiene a\u00f1os operando en Monterrey, y que ha sido auditado y sancionado positivamente por la autoridad, y censur\u00f3 los dichos de AMLO.<\/p>\n\n\n\n<p>\u201cEl presidente est\u00e1 ayudando a Samuel Garc\u00eda, es su candidato, la relaci\u00f3n de su presidente (de partido) Dante con el presidente de la Rep\u00fablica es clara; Samuel ha hecho varias manifestaciones en las diferentes campa\u00f1as que ha tenido de apoyo a Andr\u00e9s Manuel, hoy por estrategia hace como que no, pero ya vimos muy claro que el Presidente le est\u00e1 haciendo la chamba\u201d.<\/p>\n\n\n\n<figure class=\"wp-block-image size-large\"><img loading=\"lazy\" decoding=\"async\" width=\"1024\" height=\"682\" src=\"http:\/\/diariodigitalmx.com\/wp-content\/uploads\/2021\/05\/1620262809974_PHOTO-2021-05-05-13-37-24-1024x682.jpg\" alt=\"\" class=\"wp-image-55564\" srcset=\"https:\/\/diariodigitalmx.com\/wp-content\/uploads\/2021\/05\/1620262809974_PHOTO-2021-05-05-13-37-24-1024x682.jpg 1024w, https:\/\/diariodigitalmx.com\/wp-content\/uploads\/2021\/05\/1620262809974_PHOTO-2021-05-05-13-37-24-300x200.jpg 300w, https:\/\/diariodigitalmx.com\/wp-content\/uploads\/2021\/05\/1620262809974_PHOTO-2021-05-05-13-37-24-768x512.jpg 768w, https:\/\/diariodigitalmx.com\/wp-content\/uploads\/2021\/05\/1620262809974_PHOTO-2021-05-05-13-37-24-1536x1023.jpg 1536w, https:\/\/diariodigitalmx.com\/wp-content\/uploads\/2021\/05\/1620262809974_PHOTO-2021-05-05-13-37-24.jpg 1600w\" sizes=\"(max-width: 1024px) 100vw, 1024px\" \/><\/figure>\n\n\n\n<p>\u201cNo les quede duda, Samuel y Andr\u00e9s Manuel L\u00f3pez Obrador es lo mismo, Movimiento Ciudadano y Morena es lo mismo. El voto \u00fatil es conmigo\u201d, afirm\u00f3.<\/p>\n\n\n\n<p>Neg\u00f3 que vaya a engancharse en lo que consider\u00f3 un \u201ctema est\u00e9ril\u201d y adelant\u00f3 que evaluar\u00e1 la cuesti\u00f3n jur\u00eddica por las declaraciones electoreras del presidente, por lo pronto dijo, seguir\u00e1 adelante con su campa\u00f1a de propuestas porque \u201cYa no podemos perder seis a\u00f1os m\u00e1s, le tenemos que dar rumbo y orden al estado\u201d.<\/p>\n\n\n\n<p>\u201cYo creo que el Presidente tiene una responsabilidad como Presidente de la Rep\u00fablica, como miembro de la administraci\u00f3n p\u00fablica nacional en la que tiene que dejar garant\u00edas de que las elecciones sean limpias, certeras, equilibradas equitativas, y creo que ese tipo de declaraciones no hace m\u00e1s que dejar en claro, cu\u00e1l es su candidato, ya tiene varios d\u00edas d\u00e1ndole a entender a la gente por qui\u00e9n tiene qu\u00e9 votar.&nbsp;<\/p>\n\n\n\n<p>\u201cEn Nuevo Le\u00f3n le vamos a demostrar que no estamos de acuerdo con las pol\u00edticas p\u00fablicas que est\u00e1n haciendo, que no estamos de acuerdo en volver a experimentar con un candidato sin experiencia, con un candidato que dice puras payasadas, con un candidato que va a improvisar, Nuevo Le\u00f3n no se merece eso\u201d asent\u00f3.<\/p>\n\n\n\n<p>Aclar\u00f3 que seguir\u00e1 promoviendo su propuesta de la Tarjeta Mujer Fuerte que es un programa de inversi\u00f3n social, y que lo extender\u00e1 a los adultos mayores, j\u00f3venes y personas con discapacidad, ya que se regresar\u00e1 el beneficio al estado cuando los sectores m\u00e1s vulnerables se integren a la vida econ\u00f3micamente activa, generen empleos o sean productivos.<\/p>\n\n\n\n<p>Explic\u00f3 que, a diferencia de la federaci\u00f3n, su proyecto no es regalar dinero, por eso busca un estado justo y retomar\u00e1 el seguro popular y el programa de guarder\u00edas que elimin\u00f3 la actual administraci\u00f3n nacional.<\/p>\n\n\n\n<p>\u201cNo queremos que esta elecci\u00f3n se convierta en un tema manoseado y de desinformaci\u00f3n, ser\u00e9 prudente, primero est\u00e1 mi estado, la poblaci\u00f3n, mi gente, la comunidad en la que vivo\u201d, declar\u00f3 Adri\u00e1n de la Garza.<\/p>\n\n\n\n<p>Tambi\u00e9n cuestion\u00f3 por qu\u00e9 si ya existe una denuncia formal por irregularidades en la campa\u00f1a de Samuel Garc\u00eda y presunto lavado de dinero, las autoridades federales no han hecho nada.<\/p>\n\n\n\n<p>\u201cS\u00ed se fijan en la tarjeta regia y no ven las denuncias, es un contrasentido\u201d manifest\u00f3.<\/p>\n","protected":false},"excerpt":{"rendered":"<p>Monterrey &#8211; Samuel y AMLO son lo mismo, dijo este mi\u00e9rcoles el candidato de la coalici\u00f3n PRI-PRD al gobierno del Estado, Adri\u00e1n de la Garza Santos, cuando los representantes de los medios de comunicaci\u00f3n le cuestionaron sobre las cr\u00edticas que el Presidente de la Rep\u00fablica lanz\u00f3 hoy sobre su programa de \u201cTarjeta Mujer Fuerte\u201d. En [&hellip;]<\/p>\n","protected":false},"author":1,"featured_media":55563,"comment_status":"open","ping_status":"open","sticky":true,"template":"","format":"standard","meta":{"footnotes":""},"categories":[6,3],"tags":[],"_links":{"self":[{"href":"https:\/\/diariodigitalmx.com\/index.php\/wp-json\/wp\/v2\/posts\/55561"}],"collection":[{"href":"https:\/\/diariodigitalmx.com\/index.php\/wp-json\/wp\/v2\/posts"}],"about":[{"href":"https:\/\/diariodigitalmx.com\/index.php\/wp-json\/wp\/v2\/types\/post"}],"author":[{"embeddable":true,"href":"https:\/\/diariodigitalmx.com\/index.php\/wp-json\/wp\/v2\/users\/1"}],"replies":[{"embeddable":true,"href":"https:\/\/diariodigitalmx.com\/index.php\/wp-json\/wp\/v2\/comments?post=55561"}],"version-history":[{"count":4,"href":"https:\/\/diariodigitalmx.com\/index.php\/wp-json\/wp\/v2\/posts\/55561\/revisions"}],"predecessor-version":[{"id":55568,"href":"https:\/\/diariodigitalmx.com\/index.php\/wp-json\/wp\/v2\/posts\/55561\/revisions\/55568"}],"wp:featuredmedia":[{"embeddable":true,"href":"https:\/\/diariodigitalmx.com\/index.php\/wp-json\/wp\/v2\/media\/55563"}],"wp:attachment":[{"href":"https:\/\/diariodigitalmx.com\/index.php\/wp-json\/wp\/v2\/media?parent=55561"}],"wp:term":[{"taxonomy":"category","embeddable":true,"href":"https:\/\/diariodigitalmx.com\/index.php\/wp-json\/wp\/v2\/categories?post=55561"},{"taxonomy":"post_tag","embeddable":true,"href":"https:\/\/diariodigitalmx.com\/index.php\/wp-json\/wp\/v2\/tags?post=55561"}],"curies":[{"name":"wp","href":"https:\/\/api.w.org\/{rel}","templated":true}]}}