{"id":55573,"date":"2021-05-05T21:36:58","date_gmt":"2021-05-06T02:36:58","guid":{"rendered":"http:\/\/diariodigitalmx.com\/?p=55573"},"modified":"2021-05-05T21:37:50","modified_gmt":"2021-05-06T02:37:50","slug":"mon-laferte-y-gloria-trevi-graban-tema-la-mujer","status":"publish","type":"post","link":"https:\/\/diariodigitalmx.com\/index.php\/2021\/05\/05\/mon-laferte-y-gloria-trevi-graban-tema-la-mujer\/","title":{"rendered":"Mon Laferte y Gloria Trevi graban tema &#8220;La Mujer&#8221;"},"content":{"rendered":"\n<p>Por Rogelio Romero<\/p>\n\n\n\n<p>Estados Unidos.- El talento musical de&nbsp;&nbsp;las cantantes latinas Mon Laferte y Gloria Trevi, qued\u00f3 plasmado en el tema musical \u201cLa Mujer\u201d que grabaron a d\u00fao, esto como parte de la nueva producci\u00f3n titulada \u201cSeis\u201d que presenta la&nbsp;&nbsp;interprete chilena (Laferte), para el p\u00fablico hispano en Estados Unidos.<\/p>\n\n\n\n<p>El tema y video de la canci\u00f3n ya esta disponible en todas las plataformas digitales, adem\u00e1s de que el \u00e1lbum de La Ferte, tiene varias semanas de que sali\u00f3 a la venta en el mercado mexicano bajo el sello de Universal Music.<\/p>\n\n\n\n<p>Ahora toc\u00f3 al mercado latino de Estados Unidos conocer sobre esta colaboraci\u00f3n entre ambas divas, y cuya carrera parece coincidir en la rebeld\u00eda de las letras que interpretan sobre el escenario.<\/p>\n\n\n\n<p>Al respecto Gloria Trevi dijo; \u201cAme la canci\u00f3n desde el primer momento que la escuche, desde las primeras notas en el arreglo hasta sus letras. Hacer esto en colaboraci\u00f3n con Mon Laferte le da significado perfecto\u2026 dolor, resurrecci\u00f3n, venganza, pero de la buena, la nuestra\u201d.<\/p>\n\n\n\n<p>Por su parte la compositora chilena se\u00f1al\u00f3 sobre Trevi ;\u201c Nos divertimos mucho bailando juntas, Gloria es incre\u00edble, la quiero mucho\u201d y continuo diciendo \u201cElla es una mujer sumamente fuerte, y merece m\u00e1s reconocimiento debido a los desaf\u00edos que ha superado\u201d.<\/p>\n\n\n\n<p>Agreg\u00f3 que Trevi \u201ctambi\u00e9n ha sido castigada por esta sociedad machista, la quiero, la admiro y respeto, trabajar con ella ha sido ha sido incre\u00edble\u201d<\/p>\n\n\n\n<p>El video fue dirigido por Rodrigo Robles y se encuentra disponible en la plataforma digital de YouTube.<\/p>\n","protected":false},"excerpt":{"rendered":"<p>Por Rogelio Romero Estados Unidos.- El talento musical de&nbsp;&nbsp;las cantantes latinas Mon Laferte y Gloria Trevi, qued\u00f3 plasmado en el tema musical \u201cLa Mujer\u201d que grabaron a d\u00fao, esto como parte de la nueva producci\u00f3n titulada \u201cSeis\u201d que presenta la&nbsp;&nbsp;interprete chilena (Laferte), para el p\u00fablico hispano en Estados Unidos. El tema y video de la [&hellip;]<\/p>\n","protected":false},"author":1,"featured_media":55576,"comment_status":"open","ping_status":"open","sticky":true,"template":"","format":"standard","meta":{"footnotes":""},"categories":[9],"tags":[],"_links":{"self":[{"href":"https:\/\/diariodigitalmx.com\/index.php\/wp-json\/wp\/v2\/posts\/55573"}],"collection":[{"href":"https:\/\/diariodigitalmx.com\/index.php\/wp-json\/wp\/v2\/posts"}],"about":[{"href":"https:\/\/diariodigitalmx.com\/index.php\/wp-json\/wp\/v2\/types\/post"}],"author":[{"embeddable":true,"href":"https:\/\/diariodigitalmx.com\/index.php\/wp-json\/wp\/v2\/users\/1"}],"replies":[{"embeddable":true,"href":"https:\/\/diariodigitalmx.com\/index.php\/wp-json\/wp\/v2\/comments?post=55573"}],"version-history":[{"count":2,"href":"https:\/\/diariodigitalmx.com\/index.php\/wp-json\/wp\/v2\/posts\/55573\/revisions"}],"predecessor-version":[{"id":55575,"href":"https:\/\/diariodigitalmx.com\/index.php\/wp-json\/wp\/v2\/posts\/55573\/revisions\/55575"}],"wp:featuredmedia":[{"embeddable":true,"href":"https:\/\/diariodigitalmx.com\/index.php\/wp-json\/wp\/v2\/media\/55576"}],"wp:attachment":[{"href":"https:\/\/diariodigitalmx.com\/index.php\/wp-json\/wp\/v2\/media?parent=55573"}],"wp:term":[{"taxonomy":"category","embeddable":true,"href":"https:\/\/diariodigitalmx.com\/index.php\/wp-json\/wp\/v2\/categories?post=55573"},{"taxonomy":"post_tag","embeddable":true,"href":"https:\/\/diariodigitalmx.com\/index.php\/wp-json\/wp\/v2\/tags?post=55573"}],"curies":[{"name":"wp","href":"https:\/\/api.w.org\/{rel}","templated":true}]}}