{"id":55577,"date":"2021-05-05T21:42:06","date_gmt":"2021-05-06T02:42:06","guid":{"rendered":"http:\/\/diariodigitalmx.com\/?p=55577"},"modified":"2021-05-05T21:48:00","modified_gmt":"2021-05-06T02:48:00","slug":"mijes-creara-secretaria-del-medio-ambiente-en-escobedo","status":"publish","type":"post","link":"https:\/\/diariodigitalmx.com\/index.php\/2021\/05\/05\/mijes-creara-secretaria-del-medio-ambiente-en-escobedo\/","title":{"rendered":"Mijes crear\u00e1 Secretar\u00eda del Medio Ambiente en Escobedo"},"content":{"rendered":"\n<figure class=\"wp-block-video\"><video controls src=\"http:\/\/diariodigitalmx.com\/wp-content\/uploads\/2021\/05\/Mijes-Medio-Ambiente_Medios.mp4\"><\/video><\/figure>\n\n\n\n<p>Para generar un entorno natural m\u00e1s sano para la ciudadan\u00eda, Andr\u00e9s Mijes, candidato de los partidos Morena, PT, Nueva Alianza y Verde Ecologista a la alcald\u00eda de Escobedo, crear\u00e1 en el municipio la Secretar\u00eda del Medio Ambiente.<\/p>\n\n\n\n<p>Esta dependencia tendr\u00e1 como objetivos desarrollar pol\u00edticas p\u00fablicas a favor de la conservaci\u00f3n del medio ambiente, de la protecci\u00f3n de los ecosistemas existentes, de la modificaci\u00f3n de h\u00e1bitos y la reducci\u00f3n de actividades contaminantes.<\/p>\n\n\n\n<p>Si bien el municipio ya implementa programas ambientales e incluso cuenta con la Unidad de Protecci\u00f3n Ambiental, la Secretar\u00eda permitir\u00e1 ser m\u00e1s estrictos con quienes contaminan la ciudad, precis\u00f3 Mijes.<\/p>\n\n\n\n<p>\u201cEl municipio, en mi gobierno, va a estar muy al pendiente del medio ambiente porque queremos dejar a nuestros hijos un ambiente verde, un ambiente sano\u201d, expuso el candidato.<\/p>\n\n\n\n<p>\u201cTenemos que hacer inversiones importantes, pero tambi\u00e9n nuevas pol\u00edticas p\u00fablicas, nuevas formas de organizarnos para poder mejorar el medio ambiente.<\/p>\n\n\n\n<figure class=\"wp-block-image size-large\"><img loading=\"lazy\" decoding=\"async\" width=\"1024\" height=\"683\" src=\"http:\/\/diariodigitalmx.com\/wp-content\/uploads\/2021\/05\/DARE3976-1024x683.jpg\" alt=\"\" class=\"wp-image-55580\" srcset=\"https:\/\/diariodigitalmx.com\/wp-content\/uploads\/2021\/05\/DARE3976-1024x683.jpg 1024w, https:\/\/diariodigitalmx.com\/wp-content\/uploads\/2021\/05\/DARE3976-300x200.jpg 300w, https:\/\/diariodigitalmx.com\/wp-content\/uploads\/2021\/05\/DARE3976-768x512.jpg 768w, https:\/\/diariodigitalmx.com\/wp-content\/uploads\/2021\/05\/DARE3976-1536x1024.jpg 1536w, https:\/\/diariodigitalmx.com\/wp-content\/uploads\/2021\/05\/DARE3976-2048x1365.jpg 2048w\" sizes=\"(max-width: 1024px) 100vw, 1024px\" \/><\/figure>\n\n\n\n<p>\u201cLa propuesta es crear una Secretar\u00eda del Medio Ambiente en el municipio, vamos a articular todas las acciones que se est\u00e1n haciendo en materia de medio ambiente\u201d.<\/p>\n\n\n\n<p>La dependencia se encargar\u00e1 de garantizar la sustentabilidad ambiental en el desarrollo de la ciudad, mediante acciones de inspecci\u00f3n, vigilancia y sanci\u00f3n de emisiones.<\/p>\n\n\n\n<p>Tambi\u00e9n, por medio de la protecci\u00f3n del suelo, el aire y el agua, la preservaci\u00f3n de la flora y la fauna, el saneamiento de r\u00edos, arroyos y cuerpos de agua, la forestaci\u00f3n y el control de desechos s\u00f3lidos.<\/p>\n\n\n\n<p>Adem\u00e1s, implementar\u00e1 programas de prevenci\u00f3n, reciclaje y reutilizaci\u00f3n y de promoci\u00f3n de cultura ambiental.<\/p>\n\n\n\n<p>El abanderado de la coalici\u00f3n Juntos Haremos Historia por Nuevo Le\u00f3n detall\u00f3 que la Secretar\u00eda del Medio Ambiente entrar\u00e1 en funciones al inicio de su gobierno, y requerir\u00e1 de una inversi\u00f3n estimada de 2.8 millones de pesos para la adquisici\u00f3n de equipos de monitoreo y vigilancia.<\/p>\n\n\n\n<p>La propuesta forma parte del eje \u201cCiudad Verde responsable con el medio ambiente\u201d, de su proyecto \u201cEscobedo Evoluciona\u201d.<\/p>\n","protected":false},"excerpt":{"rendered":"<p>Para generar un entorno natural m\u00e1s sano para la ciudadan\u00eda, Andr\u00e9s Mijes, candidato de los partidos Morena, PT, Nueva Alianza y Verde Ecologista a la alcald\u00eda de Escobedo, crear\u00e1 en el municipio la Secretar\u00eda del Medio Ambiente. Esta dependencia tendr\u00e1 como objetivos desarrollar pol\u00edticas p\u00fablicas a favor de la conservaci\u00f3n del medio ambiente, de la [&hellip;]<\/p>\n","protected":false},"author":1,"featured_media":55579,"comment_status":"open","ping_status":"open","sticky":true,"template":"","format":"standard","meta":{"footnotes":""},"categories":[6,3],"tags":[],"_links":{"self":[{"href":"https:\/\/diariodigitalmx.com\/index.php\/wp-json\/wp\/v2\/posts\/55577"}],"collection":[{"href":"https:\/\/diariodigitalmx.com\/index.php\/wp-json\/wp\/v2\/posts"}],"about":[{"href":"https:\/\/diariodigitalmx.com\/index.php\/wp-json\/wp\/v2\/types\/post"}],"author":[{"embeddable":true,"href":"https:\/\/diariodigitalmx.com\/index.php\/wp-json\/wp\/v2\/users\/1"}],"replies":[{"embeddable":true,"href":"https:\/\/diariodigitalmx.com\/index.php\/wp-json\/wp\/v2\/comments?post=55577"}],"version-history":[{"count":3,"href":"https:\/\/diariodigitalmx.com\/index.php\/wp-json\/wp\/v2\/posts\/55577\/revisions"}],"predecessor-version":[{"id":55584,"href":"https:\/\/diariodigitalmx.com\/index.php\/wp-json\/wp\/v2\/posts\/55577\/revisions\/55584"}],"wp:featuredmedia":[{"embeddable":true,"href":"https:\/\/diariodigitalmx.com\/index.php\/wp-json\/wp\/v2\/media\/55579"}],"wp:attachment":[{"href":"https:\/\/diariodigitalmx.com\/index.php\/wp-json\/wp\/v2\/media?parent=55577"}],"wp:term":[{"taxonomy":"category","embeddable":true,"href":"https:\/\/diariodigitalmx.com\/index.php\/wp-json\/wp\/v2\/categories?post=55577"},{"taxonomy":"post_tag","embeddable":true,"href":"https:\/\/diariodigitalmx.com\/index.php\/wp-json\/wp\/v2\/tags?post=55577"}],"curies":[{"name":"wp","href":"https:\/\/api.w.org\/{rel}","templated":true}]}}