{"id":55592,"date":"2021-05-05T23:44:16","date_gmt":"2021-05-06T04:44:16","guid":{"rendered":"http:\/\/diariodigitalmx.com\/?p=55592"},"modified":"2021-05-05T23:57:23","modified_gmt":"2021-05-06T04:57:23","slug":"monterrey-flash-10-anos-de-historia-triunfal","status":"publish","type":"post","link":"https:\/\/diariodigitalmx.com\/index.php\/2021\/05\/05\/monterrey-flash-10-anos-de-historia-triunfal\/","title":{"rendered":"Monterrey Flash 10 a\u00f1os de historia triunfal"},"content":{"rendered":"\n<p><strong>-Celebra el equipo regiomontano su primera d\u00e9cada dejando huella dentro del f\u00fatbol r\u00e1pido profesional nacional e internacional, descubriendo talentos, proyectando j\u00f3venes y conquistando campeonatos.<\/strong><\/p>\n\n\n\n<figure class=\"wp-block-image size-large\"><img loading=\"lazy\" decoding=\"async\" width=\"750\" height=\"702\" src=\"http:\/\/diariodigitalmx.com\/wp-content\/uploads\/2021\/05\/d0a8d76d-dfe0-4b4b-8494-ece7a15c3d61.jpg\" alt=\"\" class=\"wp-image-55594\" srcset=\"https:\/\/diariodigitalmx.com\/wp-content\/uploads\/2021\/05\/d0a8d76d-dfe0-4b4b-8494-ece7a15c3d61.jpg 750w, https:\/\/diariodigitalmx.com\/wp-content\/uploads\/2021\/05\/d0a8d76d-dfe0-4b4b-8494-ece7a15c3d61-300x281.jpg 300w\" sizes=\"(max-width: 750px) 100vw, 750px\" \/><\/figure>\n\n\n\n<p>Por: Ra\u00fal Emigdio Guevara Ortiz.- \u201cTal parece que el sue\u00f1o de volver realidad el regreso del f\u00fatbol r\u00e1pido profesional a la ciudad de Monterrey parec\u00eda para muchos quienes amamos este deporte, algo fuera de la realidad sin embargo&nbsp; esta&nbsp; tarde iniciaremos una nueva historia\u201d, con esas palabras Gerardo Guerra Lozano, presidente del Monterrey Flash aquel 6 de mayo del 2011 en la ciudad de Guadalajara, Jalisco alentaba a su equipo en el debut dentro de la Liga Mexicana de F\u00fatbol R\u00e1pido Profesional.<\/p>\n\n\n\n<p>Aunque el inicio de la temporada&nbsp; no fue tal y como se ten\u00eda planeado al perder&nbsp; por marcador de 9-8 frente a la escuadra de los Guerreros de&nbsp; Jalisco, al final de la temporada, el equipo regiomontano comandado en la direcci\u00f3n t\u00e9cnica por Mariano Bollella concluy\u00f3&nbsp; con una marca de 13 juegos ganados por 4 derrotas incluyendo los juegos de semifinal y final fue la marca triunfal del equipo en su primera temporada.<\/p>\n\n\n\n<figure class=\"wp-block-image size-large\"><img loading=\"lazy\" decoding=\"async\" width=\"960\" height=\"640\" src=\"http:\/\/diariodigitalmx.com\/wp-content\/uploads\/2021\/05\/f458c316-a52f-4331-a4ad-e9db0d0d6452.jpg\" alt=\"\" class=\"wp-image-55597\" srcset=\"https:\/\/diariodigitalmx.com\/wp-content\/uploads\/2021\/05\/f458c316-a52f-4331-a4ad-e9db0d0d6452.jpg 960w, https:\/\/diariodigitalmx.com\/wp-content\/uploads\/2021\/05\/f458c316-a52f-4331-a4ad-e9db0d0d6452-300x200.jpg 300w, https:\/\/diariodigitalmx.com\/wp-content\/uploads\/2021\/05\/f458c316-a52f-4331-a4ad-e9db0d0d6452-768x512.jpg 768w\" sizes=\"(max-width: 960px) 100vw, 960px\" \/><\/figure>\n\n\n\n<p>Jugadores como Jos\u00e9 Bontti, Carlos \u201cChile\u201d Farias, Guillermo Gauc\u00edn, Aurelio Portes. \u00c1ngel Hern\u00e1ndez, Dami\u00e1n Garc\u00eda, V\u00edctor Garc\u00eda, Edgar Mart\u00ednez, Max Aguilar, Joel \u201cCarnero\u201d Morales, Armando Ter\u00e1n y H\u00e9ctor Vallejo.<\/p>\n\n\n\n<figure class=\"wp-block-image size-large\"><img loading=\"lazy\" decoding=\"async\" width=\"1024\" height=\"680\" src=\"http:\/\/diariodigitalmx.com\/wp-content\/uploads\/2021\/05\/CAMPEON-LIGA-MAJOR-ARENA-SOCCER-LEAGUE-2015.jpg\" alt=\"\" class=\"wp-image-55599\" srcset=\"https:\/\/diariodigitalmx.com\/wp-content\/uploads\/2021\/05\/CAMPEON-LIGA-MAJOR-ARENA-SOCCER-LEAGUE-2015.jpg 1024w, https:\/\/diariodigitalmx.com\/wp-content\/uploads\/2021\/05\/CAMPEON-LIGA-MAJOR-ARENA-SOCCER-LEAGUE-2015-300x199.jpg 300w, https:\/\/diariodigitalmx.com\/wp-content\/uploads\/2021\/05\/CAMPEON-LIGA-MAJOR-ARENA-SOCCER-LEAGUE-2015-768x510.jpg 768w\" sizes=\"(max-width: 1024px) 100vw, 1024px\" \/><\/figure>\n\n\n\n<p>As\u00ed como Edgar \u201cChapa\u201d Flores, Bernab\u00e9 L\u00f3pez, Eric \u201cKire\u201d Flores, Juan Jalomo, Jorge Dur\u00e1n, Robson de Souza y Alejandro Morales, asistidos t\u00e9cnicamente por Mariano Bollella, el Dr. Rolando Benavides y el trainner Ra\u00fal Ruvalcaba fueron los integrantes de la plantilla que llev\u00f3 a la obtenci\u00f3n de su primer campeonato en la historia dentro de la LMFRPro 2011.<\/p>\n\n\n\n<p>\u201cYo tuve la fortuna de iniciar el proyecto Monterrey Flash aquel 6 de mayo en la ciudad de Guadalajara junto con mis compa\u00f1eros y Gerardo Guerra&nbsp; desde donde a la fecha se han tenido muchos logros y sufrimientos dentro de una instituci\u00f3n muy comprometida al deporte d\u00e1ndole oportunidad a los chavos de Monterrey y la regi\u00f3n, descubriendo talentos, a quienes como a m\u00ed les ha dado mucha proyecci\u00f3n dentro del f\u00fatbol r\u00e1pido profesional a nivel internacional\u201d, expres\u00f3 Erik \u201cKire\u201d Flores integrante del primer equipo&nbsp; durante su incursi\u00f3n en la Liga Mexicana de F\u00fatbol R\u00e1pido Profesional.<\/p>\n\n\n\n<figure class=\"wp-block-gallery columns-2 is-cropped wp-block-gallery-1 is-layout-flex wp-block-gallery-is-layout-flex\"><ul class=\"blocks-gallery-grid\"><li class=\"blocks-gallery-item\"><figure><img loading=\"lazy\" decoding=\"async\" width=\"960\" height=\"638\" src=\"http:\/\/diariodigitalmx.com\/wp-content\/uploads\/2021\/05\/1abaf1d2-540e-4abc-9aa2-19a6978fbd50.jpg\" alt=\"\" data-id=\"55602\" data-full-url=\"http:\/\/diariodigitalmx.com\/wp-content\/uploads\/2021\/05\/1abaf1d2-540e-4abc-9aa2-19a6978fbd50.jpg\" data-link=\"http:\/\/diariodigitalmx.com\/index.php\/2021\/05\/05\/monterrey-flash-10-anos-de-historia-triunfal\/1abaf1d2-540e-4abc-9aa2-19a6978fbd50\/\" class=\"wp-image-55602\" srcset=\"https:\/\/diariodigitalmx.com\/wp-content\/uploads\/2021\/05\/1abaf1d2-540e-4abc-9aa2-19a6978fbd50.jpg 960w, https:\/\/diariodigitalmx.com\/wp-content\/uploads\/2021\/05\/1abaf1d2-540e-4abc-9aa2-19a6978fbd50-300x199.jpg 300w, https:\/\/diariodigitalmx.com\/wp-content\/uploads\/2021\/05\/1abaf1d2-540e-4abc-9aa2-19a6978fbd50-768x510.jpg 768w\" sizes=\"(max-width: 960px) 100vw, 960px\" \/><\/figure><\/li><li class=\"blocks-gallery-item\"><figure><img loading=\"lazy\" decoding=\"async\" width=\"1000\" height=\"621\" src=\"http:\/\/diariodigitalmx.com\/wp-content\/uploads\/2021\/05\/4efabd3d-cc59-4591-b4e2-75c9b28c9daf.jpg\" alt=\"\" data-id=\"55603\" data-full-url=\"http:\/\/diariodigitalmx.com\/wp-content\/uploads\/2021\/05\/4efabd3d-cc59-4591-b4e2-75c9b28c9daf.jpg\" data-link=\"http:\/\/diariodigitalmx.com\/index.php\/2021\/05\/05\/monterrey-flash-10-anos-de-historia-triunfal\/4efabd3d-cc59-4591-b4e2-75c9b28c9daf\/\" class=\"wp-image-55603\" srcset=\"https:\/\/diariodigitalmx.com\/wp-content\/uploads\/2021\/05\/4efabd3d-cc59-4591-b4e2-75c9b28c9daf.jpg 1000w, https:\/\/diariodigitalmx.com\/wp-content\/uploads\/2021\/05\/4efabd3d-cc59-4591-b4e2-75c9b28c9daf-300x186.jpg 300w, https:\/\/diariodigitalmx.com\/wp-content\/uploads\/2021\/05\/4efabd3d-cc59-4591-b4e2-75c9b28c9daf-768x477.jpg 768w\" sizes=\"(max-width: 1000px) 100vw, 1000px\" \/><\/figure><\/li><\/ul><\/figure>\n\n\n\n<p>La trayectoria del Monterrey Flash tanto a nivel nacional como internacional, ha reflejado durante su primera d\u00e9cada de existencia la m\u00edstica regiomontana de trascendencia, seg\u00fan lo expresa su Presidente Gerardo Guerra Lozano. \u201chemos siempre conformado una platilla ganadora, desde los jugadores como de Cuerpo T\u00e9cnico, con quienes siempre que hemos participado en las diferentes Ligas tanto en M\u00e9xico como en Estados Unidos nos hemos colocado dentro de los 4 mejores equipos y la mayor parte de las veces disputar el campeonato, siempre buscamos ser los mejores dentro y fuera de la cancha\u201d.<\/p>\n\n\n\n<figure class=\"wp-block-image size-large\"><img loading=\"lazy\" decoding=\"async\" width=\"1024\" height=\"680\" src=\"http:\/\/diariodigitalmx.com\/wp-content\/uploads\/2021\/05\/\u00b4CAMPEON-MAJOR-ARENA-Soccer-League-2015-3.jpg\" alt=\"\" class=\"wp-image-55605\" srcset=\"https:\/\/diariodigitalmx.com\/wp-content\/uploads\/2021\/05\/\u00b4CAMPEON-MAJOR-ARENA-Soccer-League-2015-3.jpg 1024w, https:\/\/diariodigitalmx.com\/wp-content\/uploads\/2021\/05\/\u00b4CAMPEON-MAJOR-ARENA-Soccer-League-2015-3-300x199.jpg 300w, https:\/\/diariodigitalmx.com\/wp-content\/uploads\/2021\/05\/\u00b4CAMPEON-MAJOR-ARENA-Soccer-League-2015-3-768x510.jpg 768w\" sizes=\"(max-width: 1024px) 100vw, 1024px\" \/><\/figure>\n\n\n\n<p>Una de las p\u00e1ginas m\u00e1s memorables en la historia del Club Monterrey Flash fue la noche del 22 de marzo del a\u00f1o 2015, cuando luego de ganar el juego de ida frente al Baltimore Blast, desaprovecharon la ventaja y cayeron en casa&nbsp; para llevar el juego a los tiempos extras donde ambos equipos&nbsp; quedaron empatados nuevamente, llegando entonces al factor de definici\u00f3n a trav\u00e9s de un nuevo \u201cminigame\u201d, pero con \u201cgol de oro\u201d para obtener al campe\u00f3n.<\/p>\n\n\n\n<figure class=\"wp-block-image size-large\"><img loading=\"lazy\" decoding=\"async\" width=\"685\" height=\"386\" src=\"http:\/\/diariodigitalmx.com\/wp-content\/uploads\/2021\/05\/CAMPEON-LIGA-MEXICAA-2011-2.jpg\" alt=\"\" class=\"wp-image-55608\" srcset=\"https:\/\/diariodigitalmx.com\/wp-content\/uploads\/2021\/05\/CAMPEON-LIGA-MEXICAA-2011-2.jpg 685w, https:\/\/diariodigitalmx.com\/wp-content\/uploads\/2021\/05\/CAMPEON-LIGA-MEXICAA-2011-2-300x169.jpg 300w\" sizes=\"(max-width: 685px) 100vw, 685px\" \/><\/figure>\n\n\n\n<p>Transcurrieron solo 5 minutos con 52 del primer tiempo del \u201cminigame\u201d final cuando un potente disparo salido de los botines del legendario jugador Gustavo Rosales diera la victoria al Monterrey Flash en el primer campeonato de la naciente Major Arena Soccer League ante la algarab\u00eda de m\u00e1s de 10 mil aficionados congregados en las instalaciones de la Arena Monterrey quienes estallaron de emoci\u00f3n por la gran hombrada del equipo regio.<\/p>\n\n\n\n<figure class=\"wp-block-image size-large\"><img loading=\"lazy\" decoding=\"async\" width=\"1024\" height=\"682\" src=\"http:\/\/diariodigitalmx.com\/wp-content\/uploads\/2021\/05\/CAMPEON-LIGA-MEXICANA-2011-3-1024x682.jpg\" alt=\"\" class=\"wp-image-55610\" srcset=\"https:\/\/diariodigitalmx.com\/wp-content\/uploads\/2021\/05\/CAMPEON-LIGA-MEXICANA-2011-3-1024x682.jpg 1024w, https:\/\/diariodigitalmx.com\/wp-content\/uploads\/2021\/05\/CAMPEON-LIGA-MEXICANA-2011-3-300x200.jpg 300w, https:\/\/diariodigitalmx.com\/wp-content\/uploads\/2021\/05\/CAMPEON-LIGA-MEXICANA-2011-3-768x512.jpg 768w, https:\/\/diariodigitalmx.com\/wp-content\/uploads\/2021\/05\/CAMPEON-LIGA-MEXICANA-2011-3.jpg 1280w\" sizes=\"(max-width: 1024px) 100vw, 1024px\" \/><\/figure>\n\n\n\n<p>\u201cFue algo indescriptible, es lo mejor que he tenido en el f\u00fatbol r\u00e1pido profesional, gracias Dios que me permiti\u00f3 estar en ese momento, eso ha sido una de las mejores p\u00e1ginas del libro de mi vida\u201d, expres\u00f3 el h\u00e9roe del Monterrey Flash en la noche del 22 de marzo del a\u00f1o 2015, Gustavo Rosales.<\/p>\n\n\n\n<figure class=\"wp-block-gallery columns-3 is-cropped wp-block-gallery-2 is-layout-flex wp-block-gallery-is-layout-flex\"><ul class=\"blocks-gallery-grid\"><li class=\"blocks-gallery-item\"><figure><img loading=\"lazy\" decoding=\"async\" width=\"313\" height=\"470\" src=\"http:\/\/diariodigitalmx.com\/wp-content\/uploads\/2021\/05\/\u00b4CAMPEON-MAJOR-ARENA-Soccer-League-2015-1.jpg\" alt=\"\" data-id=\"55613\" data-full-url=\"http:\/\/diariodigitalmx.com\/wp-content\/uploads\/2021\/05\/\u00b4CAMPEON-MAJOR-ARENA-Soccer-League-2015-1.jpg\" data-link=\"http:\/\/diariodigitalmx.com\/index.php\/2021\/05\/05\/monterrey-flash-10-anos-de-historia-triunfal\/campeon-major-arena-soccer-league-2015-1\/\" class=\"wp-image-55613\" srcset=\"https:\/\/diariodigitalmx.com\/wp-content\/uploads\/2021\/05\/\u00b4CAMPEON-MAJOR-ARENA-Soccer-League-2015-1.jpg 313w, https:\/\/diariodigitalmx.com\/wp-content\/uploads\/2021\/05\/\u00b4CAMPEON-MAJOR-ARENA-Soccer-League-2015-1-200x300.jpg 200w\" sizes=\"(max-width: 313px) 100vw, 313px\" \/><\/figure><\/li><li class=\"blocks-gallery-item\"><figure><img loading=\"lazy\" decoding=\"async\" width=\"1024\" height=\"680\" src=\"http:\/\/diariodigitalmx.com\/wp-content\/uploads\/2021\/05\/\u00b4CAMPEON-MAJOR-ARENA-Soccer-League-2015-2.jpg\" alt=\"\" data-id=\"55614\" data-full-url=\"http:\/\/diariodigitalmx.com\/wp-content\/uploads\/2021\/05\/\u00b4CAMPEON-MAJOR-ARENA-Soccer-League-2015-2.jpg\" data-link=\"http:\/\/diariodigitalmx.com\/index.php\/2021\/05\/05\/monterrey-flash-10-anos-de-historia-triunfal\/campeon-major-arena-soccer-league-2015-2\/\" class=\"wp-image-55614\" srcset=\"https:\/\/diariodigitalmx.com\/wp-content\/uploads\/2021\/05\/\u00b4CAMPEON-MAJOR-ARENA-Soccer-League-2015-2.jpg 1024w, https:\/\/diariodigitalmx.com\/wp-content\/uploads\/2021\/05\/\u00b4CAMPEON-MAJOR-ARENA-Soccer-League-2015-2-300x199.jpg 300w, https:\/\/diariodigitalmx.com\/wp-content\/uploads\/2021\/05\/\u00b4CAMPEON-MAJOR-ARENA-Soccer-League-2015-2-768x510.jpg 768w\" sizes=\"(max-width: 1024px) 100vw, 1024px\" \/><\/figure><\/li><li class=\"blocks-gallery-item\"><figure><img loading=\"lazy\" decoding=\"async\" width=\"1024\" height=\"682\" src=\"http:\/\/diariodigitalmx.com\/wp-content\/uploads\/2021\/05\/CAMPEON-DE-LA-LIGA-MEXICANA-2011-1024x682.jpg\" alt=\"\" data-id=\"55615\" data-full-url=\"http:\/\/diariodigitalmx.com\/wp-content\/uploads\/2021\/05\/CAMPEON-DE-LA-LIGA-MEXICANA-2011.jpg\" data-link=\"http:\/\/diariodigitalmx.com\/index.php\/2021\/05\/05\/monterrey-flash-10-anos-de-historia-triunfal\/campeon-de-la-liga-mexicana-2011\/\" class=\"wp-image-55615\" srcset=\"https:\/\/diariodigitalmx.com\/wp-content\/uploads\/2021\/05\/CAMPEON-DE-LA-LIGA-MEXICANA-2011-1024x682.jpg 1024w, https:\/\/diariodigitalmx.com\/wp-content\/uploads\/2021\/05\/CAMPEON-DE-LA-LIGA-MEXICANA-2011-300x200.jpg 300w, https:\/\/diariodigitalmx.com\/wp-content\/uploads\/2021\/05\/CAMPEON-DE-LA-LIGA-MEXICANA-2011-768x512.jpg 768w, https:\/\/diariodigitalmx.com\/wp-content\/uploads\/2021\/05\/CAMPEON-DE-LA-LIGA-MEXICANA-2011.jpg 1280w\" sizes=\"(max-width: 1024px) 100vw, 1024px\" \/><\/figure><\/li><\/ul><\/figure>\n\n\n\n<p>Pero la historia contin\u00faa, nuevas p\u00e1ginas faltan por escribirse para el Monterrey Flash, aun la que qued\u00f3 pendiente de terminar luego de la abrupta conclusi\u00f3n de la temporada 2019-2020 cuando por causas del COVID-19 no permiti\u00f3 que el equipo luego de una extraordinaria campa\u00f1a celebrara la etapa final dejando un campeonato inconcluso.<\/p>\n\n\n\n<p>\u201cEstamos prepar\u00e1ndonos para seguir adelante con el equipo, solo que tenemos que esperar a la reanudaci\u00f3n de las actividades comerciales, que tienen por el momento cerradas las fronteras por causa de esta pandemia, pero hay la seguridad de que ya pronto esto suceda y poder coronar nuestro 10\u00b0 Aniversario con un campeonato m\u00e1s\u201d, sentenci\u00f3 el presidente del Monterrey Flash, Gerardo Guerra Lozano.<\/p>\n","protected":false},"excerpt":{"rendered":"<p>-Celebra el equipo regiomontano su primera d\u00e9cada dejando huella dentro del f\u00fatbol r\u00e1pido profesional nacional e internacional, descubriendo talentos, proyectando j\u00f3venes y conquistando campeonatos. Por: Ra\u00fal Emigdio Guevara Ortiz.- \u201cTal parece que el sue\u00f1o de volver realidad el regreso del f\u00fatbol r\u00e1pido profesional a la ciudad de Monterrey parec\u00eda para muchos quienes amamos este deporte, [&hellip;]<\/p>\n","protected":false},"author":1,"featured_media":55617,"comment_status":"open","ping_status":"open","sticky":true,"template":"","format":"standard","meta":{"footnotes":""},"categories":[8,3],"tags":[],"_links":{"self":[{"href":"https:\/\/diariodigitalmx.com\/index.php\/wp-json\/wp\/v2\/posts\/55592"}],"collection":[{"href":"https:\/\/diariodigitalmx.com\/index.php\/wp-json\/wp\/v2\/posts"}],"about":[{"href":"https:\/\/diariodigitalmx.com\/index.php\/wp-json\/wp\/v2\/types\/post"}],"author":[{"embeddable":true,"href":"https:\/\/diariodigitalmx.com\/index.php\/wp-json\/wp\/v2\/users\/1"}],"replies":[{"embeddable":true,"href":"https:\/\/diariodigitalmx.com\/index.php\/wp-json\/wp\/v2\/comments?post=55592"}],"version-history":[{"count":10,"href":"https:\/\/diariodigitalmx.com\/index.php\/wp-json\/wp\/v2\/posts\/55592\/revisions"}],"predecessor-version":[{"id":55618,"href":"https:\/\/diariodigitalmx.com\/index.php\/wp-json\/wp\/v2\/posts\/55592\/revisions\/55618"}],"wp:featuredmedia":[{"embeddable":true,"href":"https:\/\/diariodigitalmx.com\/index.php\/wp-json\/wp\/v2\/media\/55617"}],"wp:attachment":[{"href":"https:\/\/diariodigitalmx.com\/index.php\/wp-json\/wp\/v2\/media?parent=55592"}],"wp:term":[{"taxonomy":"category","embeddable":true,"href":"https:\/\/diariodigitalmx.com\/index.php\/wp-json\/wp\/v2\/categories?post=55592"},{"taxonomy":"post_tag","embeddable":true,"href":"https:\/\/diariodigitalmx.com\/index.php\/wp-json\/wp\/v2\/tags?post=55592"}],"curies":[{"name":"wp","href":"https:\/\/api.w.org\/{rel}","templated":true}]}}