{"id":5567,"date":"2019-06-08T08:32:11","date_gmt":"2019-06-08T13:32:11","guid":{"rendered":"http:\/\/diariodigitalmx.com\/?p=5567"},"modified":"2019-10-18T23:17:08","modified_gmt":"2019-10-19T04:17:08","slug":"periodismo-ordinario","status":"publish","type":"post","link":"https:\/\/diariodigitalmx.com\/index.php\/2019\/06\/08\/periodismo-ordinario\/","title":{"rendered":"Periodismo ordinario"},"content":{"rendered":"\n<p>Por Salvador Hern\u00e1ndez LANDEROS<br> Como ciudadano y habitante de Monterrey no me preocupa que un alcalde <br> ejercite su cuerpo sanamente.<br> Me preocupar\u00eda, y mucho, que ha ese alcalde, se le sorprendiera embriag\u00e1ndose <br> en un burdel o quemando un churro.<br> El hacer ejercicio en un gym no es un mal ejemplo para los j\u00f3venes. Al <br> contrario, el cuidar la salud en esa forma, es predicar con el ejemplo.<br> Me sorprende que el peri\u00f3dico El Norte venda a sus lectores un periodismo <br> ordinario, cuando que siempre ha marcado la pauta en la cr\u00edtica.<br> Escudarse en una supuesta queja ciudadana porque el alcalde se ejercita en un <br> horario en que deber\u00eda estar trabajando, no es v\u00e1lida.<br> El trabajo de un alcalde no est\u00e1 supeditado al horario del bur\u00f3crata. Tampoco <br> al del alba\u00f1il, que ha determinada hora, avienta la cuchara.<br> El Norte, ha publicado que un alcalde lo es las 24 horas del d\u00eda. Un periodista <br> tambi\u00e9n lo es 24 horas, pero no las permanece encerrado en el peri\u00f3dico.<br> Es ordinario que soporten una c\u00editica diciendo que \u201cmientras el alcalde se <br> ejercitaba, en los bajos del Palacio, protestaban los carretoneros para que los <br> atendiera\u201d.<br> Hay niveles. En los peri\u00f3dicos tambi\u00e9n. Si los carretoneros acuden a El Norte a <br> quejarse, los atiende un reportero, no el Director Editorial o los propietarios.<br> Reitero, ha como est\u00e1n las cosas en la sociedad, que un alcalde ponga el ejemplo <br> con ejercicio sano, sirve para encausar a los j\u00f3venes por ese camino.<br> El Norte siempre se ha distinguido por ser un medio cr\u00edtico, valiente, ver\u00eddico. <br> Perder su objetividad, es tirar una credibilidad bien ganada.<br> chavalolanderos@yahoo.com.mx<\/p>\n","protected":false},"excerpt":{"rendered":"<p>Por Salvador Hern\u00e1ndez LANDEROS Como ciudadano y habitante de Monterrey no me preocupa que un alcalde ejercite su cuerpo sanamente. Me preocupar\u00eda, y mucho, que ha ese alcalde, se le sorprendiera embriag\u00e1ndose en un burdel o quemando un churro. El hacer ejercicio en un gym no es un mal ejemplo para los j\u00f3venes. Al contrario, [&hellip;]<\/p>\n","protected":false},"author":1,"featured_media":3977,"comment_status":"open","ping_status":"open","sticky":false,"template":"","format":"standard","meta":{"footnotes":""},"categories":[12],"tags":[],"_links":{"self":[{"href":"https:\/\/diariodigitalmx.com\/index.php\/wp-json\/wp\/v2\/posts\/5567"}],"collection":[{"href":"https:\/\/diariodigitalmx.com\/index.php\/wp-json\/wp\/v2\/posts"}],"about":[{"href":"https:\/\/diariodigitalmx.com\/index.php\/wp-json\/wp\/v2\/types\/post"}],"author":[{"embeddable":true,"href":"https:\/\/diariodigitalmx.com\/index.php\/wp-json\/wp\/v2\/users\/1"}],"replies":[{"embeddable":true,"href":"https:\/\/diariodigitalmx.com\/index.php\/wp-json\/wp\/v2\/comments?post=5567"}],"version-history":[{"count":1,"href":"https:\/\/diariodigitalmx.com\/index.php\/wp-json\/wp\/v2\/posts\/5567\/revisions"}],"predecessor-version":[{"id":5568,"href":"https:\/\/diariodigitalmx.com\/index.php\/wp-json\/wp\/v2\/posts\/5567\/revisions\/5568"}],"wp:featuredmedia":[{"embeddable":true,"href":"https:\/\/diariodigitalmx.com\/index.php\/wp-json\/wp\/v2\/media\/3977"}],"wp:attachment":[{"href":"https:\/\/diariodigitalmx.com\/index.php\/wp-json\/wp\/v2\/media?parent=5567"}],"wp:term":[{"taxonomy":"category","embeddable":true,"href":"https:\/\/diariodigitalmx.com\/index.php\/wp-json\/wp\/v2\/categories?post=5567"},{"taxonomy":"post_tag","embeddable":true,"href":"https:\/\/diariodigitalmx.com\/index.php\/wp-json\/wp\/v2\/tags?post=5567"}],"curies":[{"name":"wp","href":"https:\/\/api.w.org\/{rel}","templated":true}]}}