{"id":5569,"date":"2019-06-08T10:07:33","date_gmt":"2019-06-08T15:07:33","guid":{"rendered":"http:\/\/diariodigitalmx.com\/?p=5569"},"modified":"2019-06-08T10:10:16","modified_gmt":"2019-06-08T15:10:16","slug":"llega-adriano-nunes-de-la-coruna-a-las-filas-del-gokay","status":"publish","type":"post","link":"https:\/\/diariodigitalmx.com\/index.php\/2019\/06\/08\/llega-adriano-nunes-de-la-coruna-a-las-filas-del-gokay\/","title":{"rendered":"Llega Adriano Nunes de la Coru\u00f1a a las filas del Gokay"},"content":{"rendered":"\n<p><strong>-El jugador brasile\u00f1o de 27 a\u00f1os, se incorporar\u00e1 a los \u201cfelinos regios\u201d este s\u00e1bado cuando reciba en Casa Bella a la escuadra de los \u201cLeones\u201d de la Selecci\u00f3n Monclova en la jornada 3 de&nbsp; la Liga Mexicana de F\u00fatbol R\u00e1pido Profesional.<\/strong><\/p>\n\n\n\n<p>Por: Ra\u00fal Emigdio Guevara Ortiz.- <\/p>\n\n\n\n<p><\/p>\n\n\n\n<p>Luego de participar en las filas del Atl\u00e9tico de Lisboa y en La Coru\u00f1a de&nbsp; Espa\u00f1a, as\u00ed como en el f\u00fatbol de sal\u00f3n del Corintias de Brasil, Adriano N\u00fanez medio volante ofensivo se suma a las filas de los felinos regios del Gokay para participar como segundo refuerzo extranjero&nbsp; en la temporada 2019 de la Liga Mexicana de F\u00fatbol R\u00e1pido Profesional.<\/p>\n\n\n\n<p>Con tan solo&nbsp; 27 a\u00f1os Nunes Martins\nrealizar\u00e1 su&nbsp; primera incursi\u00f3n en el\ndeporte de la \u201cpelota de fuego\u201d con la esperanza de lograr aportar&nbsp; con goles en la delantera del Gokay que hasta\nel momento ocupa el segundo lugar de la zona norte de la LMFRPro&nbsp; con un total de 12 tantos anotados en 2\npartidos.<\/p>\n\n\n\n<p>\u201cConozco de este deporte ya que la estuve entrenado con el Barracudas en\nla temporada de la MASL que acaba de concluir, desafortunadamente no se dieron\nlas cosas y no particip\u00e9 con el equipo pero espero con la oportunidad que me da\nGokay con Lorenzo Andrade poder mostrar mis cualidades y aportar en el equipo\u201d,\ncoment\u00f3 el jugador del pa\u00eds amaz\u00f3nico nacido en la ciudad de Sao Paulo.<\/p>\n\n\n\n<p>\u201cMi trayectoria en el f\u00fatbol la llev\u00e9 a cabo en el Corintians donde jugu\u00e9\nmuchos a\u00f1os en el f\u00fatbol sala, luego un tiempo en&nbsp; el Atl\u00e9tico &nbsp;Lisboa&nbsp;\nde Portugal y en La Coru\u00f1a de Espa\u00f1a de ah\u00ed me vine a M\u00e9xico a jugar en\nel Zacatepec y en el Altamira de segunda divisi\u00f3n2, expres\u00f3 Adriano a su arribo\nal entrenamiento de los \u201cfelinos regios\u201d la noche del pasado jueves.<\/p>\n\n\n\n<p>Antonio Alem\u00e1n, Presidente del Gokay inform\u00f3 que Adriano Nunes&nbsp; Martins&nbsp;\nal igual que&nbsp; el colombiano Alex\nC\u00e1ceres son las dos contrataciones de su equipo para la presente temporada en\nla LMFRPro y al igual que en el resto del equipo tienen grandes esperanzas de\nconquistar el t\u00edtulo.<\/p>\n\n\n\n<p>Ser\u00e1 la tarde de este s\u00e1bado cuando el jugador brasile\u00f1o debute con los\nfelinos regios cuando enfrenten en punto de las 4 de la tarde&nbsp; a la escuadra de los Leones de la Selecci\u00f3n\nMonclova en las instalaciones de la Liga Casa Bella en busca de la tercera\nvictoria y seguirse manteniendo en la parte alta de su grupo donde ocupan el\nsegundo lugar abajo solo por diferencia de goles de Don Roge de Sabinas\nCoahuila que lleva igual n\u00famero de triunfos y ambos invictos en el torneo.<\/p>\n","protected":false},"excerpt":{"rendered":"<p>-El jugador brasile\u00f1o de 27 a\u00f1os, se incorporar\u00e1 a los \u201cfelinos regios\u201d este s\u00e1bado cuando reciba en Casa Bella a la escuadra de los \u201cLeones\u201d de la Selecci\u00f3n Monclova en la jornada 3 de&nbsp; la Liga Mexicana de F\u00fatbol R\u00e1pido Profesional. Por: Ra\u00fal Emigdio Guevara Ortiz.- Luego de participar en las filas del Atl\u00e9tico de [&hellip;]<\/p>\n","protected":false},"author":1,"featured_media":5576,"comment_status":"open","ping_status":"open","sticky":true,"template":"","format":"standard","meta":{"footnotes":""},"categories":[8],"tags":[],"_links":{"self":[{"href":"https:\/\/diariodigitalmx.com\/index.php\/wp-json\/wp\/v2\/posts\/5569"}],"collection":[{"href":"https:\/\/diariodigitalmx.com\/index.php\/wp-json\/wp\/v2\/posts"}],"about":[{"href":"https:\/\/diariodigitalmx.com\/index.php\/wp-json\/wp\/v2\/types\/post"}],"author":[{"embeddable":true,"href":"https:\/\/diariodigitalmx.com\/index.php\/wp-json\/wp\/v2\/users\/1"}],"replies":[{"embeddable":true,"href":"https:\/\/diariodigitalmx.com\/index.php\/wp-json\/wp\/v2\/comments?post=5569"}],"version-history":[{"count":2,"href":"https:\/\/diariodigitalmx.com\/index.php\/wp-json\/wp\/v2\/posts\/5569\/revisions"}],"predecessor-version":[{"id":5575,"href":"https:\/\/diariodigitalmx.com\/index.php\/wp-json\/wp\/v2\/posts\/5569\/revisions\/5575"}],"wp:featuredmedia":[{"embeddable":true,"href":"https:\/\/diariodigitalmx.com\/index.php\/wp-json\/wp\/v2\/media\/5576"}],"wp:attachment":[{"href":"https:\/\/diariodigitalmx.com\/index.php\/wp-json\/wp\/v2\/media?parent=5569"}],"wp:term":[{"taxonomy":"category","embeddable":true,"href":"https:\/\/diariodigitalmx.com\/index.php\/wp-json\/wp\/v2\/categories?post=5569"},{"taxonomy":"post_tag","embeddable":true,"href":"https:\/\/diariodigitalmx.com\/index.php\/wp-json\/wp\/v2\/tags?post=5569"}],"curies":[{"name":"wp","href":"https:\/\/api.w.org\/{rel}","templated":true}]}}