{"id":5577,"date":"2019-06-08T11:47:12","date_gmt":"2019-06-08T16:47:12","guid":{"rendered":"http:\/\/diariodigitalmx.com\/?p=5577"},"modified":"2019-10-18T23:16:28","modified_gmt":"2019-10-19T04:16:28","slug":"le-roban-camioneta-a-pulido","status":"publish","type":"post","link":"https:\/\/diariodigitalmx.com\/index.php\/2019\/06\/08\/le-roban-camioneta-a-pulido\/","title":{"rendered":"Le roban camioneta a Pulido"},"content":{"rendered":"\n<p><strong>Guadalajara, Mexico.- Alan Pulido<\/strong>&nbsp;sufri\u00f3 el&nbsp;<strong>robo<\/strong>&nbsp;de su camioneta marca&nbsp;<strong>Mercedes Benz<\/strong>&nbsp;y pidi\u00f3 ayuda en redes sociales para encontrarla.<\/p>\n\n\n\n<p>El delantero de&nbsp;<strong>Chivas<\/strong>&nbsp;public\u00f3 algunas im\u00e1genes del veh\u00edculo modelo GLE 63 AMG, cuyo valor asciende a dos millones de pesos, de acuerdo a la p\u00e1gina de&nbsp;<strong>Mercedes Benz<\/strong>.<\/p>\n\n\n\n<p>El&nbsp;<strong>robo<\/strong>&nbsp;tuvo lugar en la zona de la Barranca de Huentit\u00e1n, en&nbsp;<strong>Guadalajara<\/strong>&nbsp;Jalisco.<\/p>\n\n\n\n<p>&#8220;Si alguien ve esta camioneta Mercedes GLE 63 AMG, por favor, rep\u00f3rtarla; acaba de ser robada por la barranca de Huentit\u00e1n en&nbsp;<strong>Guadalajara<\/strong>&#8220;, public\u00f3 el jugador a trav\u00e9s de sus historias de Instagram.<\/p>\n\n\n\n<p>Pulido est\u00e1 desde el martes en&nbsp;<strong>Canc\u00fan<\/strong>, haciendo trabajos de pretemporada con&nbsp;<strong>Chivas<\/strong>.<\/p>\n\n\n\n<ul class=\"wp-block-gallery columns-3 is-cropped wp-block-gallery-1 is-layout-flex wp-block-gallery-is-layout-flex\"><li class=\"blocks-gallery-item\"><figure><img loading=\"lazy\" decoding=\"async\" width=\"466\" height=\"780\" src=\"http:\/\/diariodigitalmx.com\/wp-content\/uploads\/2019\/06\/capturadepantalla20190608alas9.17.32.png\" alt=\"\" data-id=\"5582\" data-link=\"http:\/\/diariodigitalmx.com\/?attachment_id=5582\" class=\"wp-image-5582\" srcset=\"https:\/\/diariodigitalmx.com\/wp-content\/uploads\/2019\/06\/capturadepantalla20190608alas9.17.32.png 466w, https:\/\/diariodigitalmx.com\/wp-content\/uploads\/2019\/06\/capturadepantalla20190608alas9.17.32-179x300.png 179w\" sizes=\"(max-width: 466px) 100vw, 466px\" \/><\/figure><\/li><li class=\"blocks-gallery-item\"><figure><img loading=\"lazy\" decoding=\"async\" width=\"493\" height=\"799\" src=\"http:\/\/diariodigitalmx.com\/wp-content\/uploads\/2019\/06\/capturadepantalla20190608alas9.17.27.png\" alt=\"\" data-id=\"5583\" data-link=\"http:\/\/diariodigitalmx.com\/?attachment_id=5583\" class=\"wp-image-5583\" srcset=\"https:\/\/diariodigitalmx.com\/wp-content\/uploads\/2019\/06\/capturadepantalla20190608alas9.17.27.png 493w, https:\/\/diariodigitalmx.com\/wp-content\/uploads\/2019\/06\/capturadepantalla20190608alas9.17.27-185x300.png 185w\" sizes=\"(max-width: 493px) 100vw, 493px\" \/><\/figure><\/li><li class=\"blocks-gallery-item\"><figure><img loading=\"lazy\" decoding=\"async\" width=\"497\" height=\"799\" src=\"http:\/\/diariodigitalmx.com\/wp-content\/uploads\/2019\/06\/capturadepantalla20190608alas9.17.39.png\" alt=\"\" data-id=\"5584\" data-link=\"http:\/\/diariodigitalmx.com\/?attachment_id=5584\" class=\"wp-image-5584\" srcset=\"https:\/\/diariodigitalmx.com\/wp-content\/uploads\/2019\/06\/capturadepantalla20190608alas9.17.39.png 497w, https:\/\/diariodigitalmx.com\/wp-content\/uploads\/2019\/06\/capturadepantalla20190608alas9.17.39-187x300.png 187w\" sizes=\"(max-width: 497px) 100vw, 497px\" \/><\/figure><\/li><\/ul>\n","protected":false},"excerpt":{"rendered":"<p>Guadalajara, Mexico.- Alan Pulido&nbsp;sufri\u00f3 el&nbsp;robo&nbsp;de su camioneta marca&nbsp;Mercedes Benz&nbsp;y pidi\u00f3 ayuda en redes sociales para encontrarla. El delantero de&nbsp;Chivas&nbsp;public\u00f3 algunas im\u00e1genes del veh\u00edculo modelo GLE 63 AMG, cuyo valor asciende a dos millones de pesos, de acuerdo a la p\u00e1gina de&nbsp;Mercedes Benz. El&nbsp;robo&nbsp;tuvo lugar en la zona de la Barranca de Huentit\u00e1n, en&nbsp;Guadalajara&nbsp;Jalisco. &#8220;Si alguien [&hellip;]<\/p>\n","protected":false},"author":1,"featured_media":5580,"comment_status":"open","ping_status":"open","sticky":false,"template":"","format":"standard","meta":{"footnotes":""},"categories":[8],"tags":[],"_links":{"self":[{"href":"https:\/\/diariodigitalmx.com\/index.php\/wp-json\/wp\/v2\/posts\/5577"}],"collection":[{"href":"https:\/\/diariodigitalmx.com\/index.php\/wp-json\/wp\/v2\/posts"}],"about":[{"href":"https:\/\/diariodigitalmx.com\/index.php\/wp-json\/wp\/v2\/types\/post"}],"author":[{"embeddable":true,"href":"https:\/\/diariodigitalmx.com\/index.php\/wp-json\/wp\/v2\/users\/1"}],"replies":[{"embeddable":true,"href":"https:\/\/diariodigitalmx.com\/index.php\/wp-json\/wp\/v2\/comments?post=5577"}],"version-history":[{"count":4,"href":"https:\/\/diariodigitalmx.com\/index.php\/wp-json\/wp\/v2\/posts\/5577\/revisions"}],"predecessor-version":[{"id":5585,"href":"https:\/\/diariodigitalmx.com\/index.php\/wp-json\/wp\/v2\/posts\/5577\/revisions\/5585"}],"wp:featuredmedia":[{"embeddable":true,"href":"https:\/\/diariodigitalmx.com\/index.php\/wp-json\/wp\/v2\/media\/5580"}],"wp:attachment":[{"href":"https:\/\/diariodigitalmx.com\/index.php\/wp-json\/wp\/v2\/media?parent=5577"}],"wp:term":[{"taxonomy":"category","embeddable":true,"href":"https:\/\/diariodigitalmx.com\/index.php\/wp-json\/wp\/v2\/categories?post=5577"},{"taxonomy":"post_tag","embeddable":true,"href":"https:\/\/diariodigitalmx.com\/index.php\/wp-json\/wp\/v2\/tags?post=5577"}],"curies":[{"name":"wp","href":"https:\/\/api.w.org\/{rel}","templated":true}]}}