{"id":56017,"date":"2021-05-13T00:05:48","date_gmt":"2021-05-13T05:05:48","guid":{"rendered":"http:\/\/diariodigitalmx.com\/?p=56017"},"modified":"2021-05-13T00:06:46","modified_gmt":"2021-05-13T05:06:46","slug":"decide-morena-y-aliados-por-otro-panista-para-monterrey-va-felipe-de-jesus-cantu-con-la-bandera-izquierdista","status":"publish","type":"post","link":"https:\/\/diariodigitalmx.com\/index.php\/2021\/05\/13\/decide-morena-y-aliados-por-otro-panista-para-monterrey-va-felipe-de-jesus-cantu-con-la-bandera-izquierdista\/","title":{"rendered":"Decide Morena y aliados por otro panista para Monterrey; va Felipe de Jes\u00fas Cant\u00fa con la bandera izquierdista"},"content":{"rendered":"\n<p>Walter Elizondo&nbsp;<\/p>\n\n\n\n<p>Monterrey &#8211; Morena y aliados decidieron nominar como candidato a la alcald\u00eda de Monterrey al ex panista Felipe de Jes\u00fas Cant\u00fa Rodr\u00edguez.&nbsp;<\/p>\n\n\n\n<p>De 55 a\u00f1os de edad milit\u00f3 en las filas del PAN por 37 a\u00f1os en donde fue dos veces diputado federal, diputado local, alcalde de Monterrey y de 2000 a 2003 y presidente del PAN estatal. En 2018 fue candidato a la alcald\u00eda regia por el PAN pero no gan\u00f3.&nbsp;<\/p>\n\n\n\n<p>Tras la renuncia a la candidatura del tambi\u00e9n ex panista V\u00edctor Fuentes, Cant\u00fa Rodr\u00edguez entra al relevo en la coalici\u00f3n Juntos Haremos Historia en Nuevo Le\u00f3n, que encabeza Morena.<\/p>\n\n\n\n<p>En un comunicado de apenas 10 l\u00edneas informa la Coalici\u00f3n que eligieron a Cant\u00fa por ser honrado, probado, capaz y con experiencia.<\/p>\n\n\n\n<p>&#8220;Nos enorgullece nombrar a nuestro candidato y Futuro Alcalde de Monterrey, el lic. Felipe de Jes\u00fas Cant\u00fa, a quien agradecemos su dedicaci\u00f3n y disposici\u00f3n para siempre luchar con la frente en alto, que nada lo detiene, que nada lo vence&#8221;, a\u00f1ade la informaci\u00f3n.<\/p>\n\n\n\n<p>&#8220;Su genuina vocaci\u00f3n de servicio y toda su experiencia, trabajo y lealtad para que a Monterrey le vaya mejor&#8221;.<\/p>\n\n\n\n<p>En febrero de este a\u00f1o renunci\u00f3 al PAN y se sum\u00f3 a Clara Luz Flores Carrales, la candidata al gobierno estatal de Morena.&nbsp;<\/p>\n\n\n\n<p>De acuerdo a Wikipedia en las declaraciones de Froyl\u00e1n Gracia Galicia, hombre de confianza de Emilio Lozoya, exdirector de Pemex, Felipe de Jes\u00fas Cant\u00fa aparece se\u00f1alado junto a Francisco Garc\u00eda Cabeza de Vaca y Roberto Gil Zuarth, como uno de los miembros del Partido Acci\u00f3n Nacional que presion\u00f3 para obtener contratos energ\u00e9ticos a cambio de no boicotear la aprobaci\u00f3n de la mencionada reforma energ\u00e9tica en 2013.<\/p>\n","protected":false},"excerpt":{"rendered":"<p>Walter Elizondo&nbsp; Monterrey &#8211; Morena y aliados decidieron nominar como candidato a la alcald\u00eda de Monterrey al ex panista Felipe de Jes\u00fas Cant\u00fa Rodr\u00edguez.&nbsp; De 55 a\u00f1os de edad milit\u00f3 en las filas del PAN por 37 a\u00f1os en donde fue dos veces diputado federal, diputado local, alcalde de Monterrey y de 2000 a 2003 [&hellip;]<\/p>\n","protected":false},"author":1,"featured_media":56020,"comment_status":"open","ping_status":"open","sticky":true,"template":"","format":"standard","meta":{"footnotes":""},"categories":[6,3],"tags":[],"_links":{"self":[{"href":"https:\/\/diariodigitalmx.com\/index.php\/wp-json\/wp\/v2\/posts\/56017"}],"collection":[{"href":"https:\/\/diariodigitalmx.com\/index.php\/wp-json\/wp\/v2\/posts"}],"about":[{"href":"https:\/\/diariodigitalmx.com\/index.php\/wp-json\/wp\/v2\/types\/post"}],"author":[{"embeddable":true,"href":"https:\/\/diariodigitalmx.com\/index.php\/wp-json\/wp\/v2\/users\/1"}],"replies":[{"embeddable":true,"href":"https:\/\/diariodigitalmx.com\/index.php\/wp-json\/wp\/v2\/comments?post=56017"}],"version-history":[{"count":3,"href":"https:\/\/diariodigitalmx.com\/index.php\/wp-json\/wp\/v2\/posts\/56017\/revisions"}],"predecessor-version":[{"id":56021,"href":"https:\/\/diariodigitalmx.com\/index.php\/wp-json\/wp\/v2\/posts\/56017\/revisions\/56021"}],"wp:featuredmedia":[{"embeddable":true,"href":"https:\/\/diariodigitalmx.com\/index.php\/wp-json\/wp\/v2\/media\/56020"}],"wp:attachment":[{"href":"https:\/\/diariodigitalmx.com\/index.php\/wp-json\/wp\/v2\/media?parent=56017"}],"wp:term":[{"taxonomy":"category","embeddable":true,"href":"https:\/\/diariodigitalmx.com\/index.php\/wp-json\/wp\/v2\/categories?post=56017"},{"taxonomy":"post_tag","embeddable":true,"href":"https:\/\/diariodigitalmx.com\/index.php\/wp-json\/wp\/v2\/tags?post=56017"}],"curies":[{"name":"wp","href":"https:\/\/api.w.org\/{rel}","templated":true}]}}